{"id":161059,"date":"2020-05-26T22:01:38","date_gmt":"2020-05-27T01:01:38","guid":{"rendered":"https:\/\/diarioregionaldigital.com.br\/?p=161059"},"modified":"2020-05-26T22:01:38","modified_gmt":"2020-05-27T01:01:38","slug":"covid-19-brasil-tem-391-222-casos-confirmados-e-24-512-mortes","status":"publish","type":"post","link":"https:\/\/diarioregionaldigital.com.br\/?p=161059","title":{"rendered":"Covid-19: Brasil tem 391.222 casos confirmados e 24.512 mortes"},"content":{"rendered":"<p>O Brasil registrou 1.039\u00a0novas mortes, chegando ao total de 24.512. O resultado representou um aumento de 4,4% em rela\u00e7\u00e3o a\u00a0ontem(25), quando foram contabilizados 23.473 falecimentos por covid-19. Os n\u00fameros foram divulgados no balan\u00e7o do Minist\u00e9rio da Sa\u00fade divulgado\u00a0hoje\u00a0(26).<\/p>\n<p>Foram inclu\u00eddas nas estat\u00edsticas 16.324 novas pessoas infectadas com o novo coronav\u00edrus, somando 391.222. O resultado marcou um acr\u00e9scimo de 4,3% em rela\u00e7\u00e3o a\u00a0ontem, quando o n\u00famero de pessoas infectadas estava em 374.898.<\/p>\n<p>Do total de casos confirmados, 208.117 est\u00e3o em acompanhamento e 158.593 foram recuperados. H\u00e1 ainda 3.882 \u00f3bitos sendo analisados.<\/p>\n<p>S\u00e3o Paulo se mant\u00e9m como epicentro da pandemia no pa\u00eds, concentrando o maior n\u00famero de falecimentos (6.423). O estado \u00e9 seguido pelo Rio\u00a0de Janeiro\u00a0(4.361), Cear\u00e1 (2.603), Pernambuco (2.328) e Par\u00e1 (2.469).<\/p>\n<p>Al\u00e9m disso, foram registradas mortes no Amazonas (1.852), Maranh\u00e3o (817), Bahia (495), Esp\u00edrito Santo (487), Alagoas (354), Para\u00edba (286), Minas Gerais (234), Rio Grande do Norte (220), Rio Grande do Sul (203), Amap\u00e1 (173), Paran\u00e1 (159),\u00a0Rond\u00f4nia (133),\u00a0Distrito Federal (124),\u00a0Santa Catarina (121), Piau\u00ed (119), Sergipe (116), Acre (105), Goi\u00e1s (104), Roraima (102), Tocantins (64), Mato Grosso (43) e Mato Grosso do Sul (17).<\/p>\n<p>J\u00e1 em n\u00famero de casos confirmados, o<em>\u00a0ranking<\/em>\u00a0tem S\u00e3o Paulo (86.017), Rio\u00a0de Janeiro\u00a0(40.024), Cear\u00e1 (37.021), Amazonas (31.949) e Pernambuco (28.854). Entre as unidades da federa\u00e7\u00e3o com mais pessoas infectadas est\u00e3o ainda Par\u00e1 (28.600), Maranh\u00e3o (24.278), Bahia (14.566), Esp\u00edrito Santo (10.889) e\u00a0Para\u00edba\u00a0(8.919).<\/p>\n<div class=\"dnd-widget-wrapper context-cheio_8colunas type-image\">\n<div class=\"dnd-atom-rendered\">\n<p>Das mortes por covid-19, 69% tinham acima de 90 anos e pelo menos 63% apresentavam algum fator de risco. Entre estes, os mais comuns eram doen\u00e7as do cora\u00e7\u00e3o, diabetes, doen\u00e7as renais, doen\u00e7as neurol\u00f3gicas e pneumopatias.<\/p>\n<p>At\u00e9 o momento, 173.819 pessoas foram hospitalizadas por S\u00edndrome Respirat\u00f3ria Aguda Grave (SRAG). Deste total, 54.951 foram por covid-19, 1.877 por influenza, 59.660 n\u00e3o especificados e outras 54.994 ainda em investiga\u00e7\u00e3o.<\/p>\n<p>&nbsp;<\/p>\n<\/div>\n<p><strong>Fonte:\u00a0<\/strong>Ag\u00eancia Brasil<\/p>\n<\/div>\n","protected":false},"excerpt":{"rendered":"<p>O Brasil registrou 1.039\u00a0novas mortes, chegando ao total de 24.512. O resultado representou um aumento de 4,4% em rela\u00e7\u00e3o a\u00a0ontem(25), quando foram contabilizados 23.473 falecimentos por covid-19. Os n\u00fameros foram divulgados no balan\u00e7o do Minist\u00e9rio da Sa\u00fade divulgado\u00a0hoje\u00a0(26). Foram inclu\u00eddas nas estat\u00edsticas 16.324 novas pessoas infectadas com o novo coronav\u00edrus, somando 391.222. O resultado marcou [&hellip;]<\/p>\n","protected":false},"author":96,"featured_media":161060,"comment_status":"closed","ping_status":"closed","sticky":false,"template":"","format":"standard","meta":{"footnotes":""},"categories":[302,436,440,439],"tags":[],"class_list":["post-161059","post","type-post","status-publish","format-standard","has-post-thumbnail","hentry","category-brasil-mundo","category-destaque-da-semana","category-destaques-do-dia","category-ultima-hora"],"_links":{"self":[{"href":"https:\/\/diarioregionaldigital.com.br\/index.php?rest_route=\/wp\/v2\/posts\/161059","targetHints":{"allow":["GET"]}}],"collection":[{"href":"https:\/\/diarioregionaldigital.com.br\/index.php?rest_route=\/wp\/v2\/posts"}],"about":[{"href":"https:\/\/diarioregionaldigital.com.br\/index.php?rest_route=\/wp\/v2\/types\/post"}],"author":[{"embeddable":true,"href":"https:\/\/diarioregionaldigital.com.br\/index.php?rest_route=\/wp\/v2\/users\/96"}],"replies":[{"embeddable":true,"href":"https:\/\/diarioregionaldigital.com.br\/index.php?rest_route=%2Fwp%2Fv2%2Fcomments&post=161059"}],"version-history":[{"count":0,"href":"https:\/\/diarioregionaldigital.com.br\/index.php?rest_route=\/wp\/v2\/posts\/161059\/revisions"}],"wp:featuredmedia":[{"embeddable":true,"href":"https:\/\/diarioregionaldigital.com.br\/index.php?rest_route=\/wp\/v2\/media\/161060"}],"wp:attachment":[{"href":"https:\/\/diarioregionaldigital.com.br\/index.php?rest_route=%2Fwp%2Fv2%2Fmedia&parent=161059"}],"wp:term":[{"taxonomy":"category","embeddable":true,"href":"https:\/\/diarioregionaldigital.com.br\/index.php?rest_route=%2Fwp%2Fv2%2Fcategories&post=161059"},{"taxonomy":"post_tag","embeddable":true,"href":"https:\/\/diarioregionaldigital.com.br\/index.php?rest_route=%2Fwp%2Fv2%2Ftags&post=161059"}],"curies":[{"name":"wp","href":"https:\/\/api.w.org\/{rel}","templated":true}]}}