{"id":161056,"date":"2020-05-26T18:34:57","date_gmt":"2020-05-26T21:34:57","guid":{"rendered":"https:\/\/diarioregionaldigital.com.br\/?p=161056"},"modified":"2020-05-26T18:34:57","modified_gmt":"2020-05-26T21:34:57","slug":"paciente-diagnosticada-com-coronavirus-e-liberada-de-cti-do-hps","status":"publish","type":"post","link":"https:\/\/diarioregionaldigital.com.br\/?p=161056","title":{"rendered":"Paciente diagnosticada com Coronav\u00edrus \u00e9 liberada de CTI do HPS"},"content":{"rendered":"<p><span style=\"font-weight: 400;\">Nessa ter\u00e7a-feira (26), o prefeito Ant\u00f4nio Almas (PSDB), publicou em sua rede social, um v\u00eddeo\u00a0 da paciente de 62 anos, diagnosticada com Coronav\u00edrus, recebendo alta do Centro de Tratamento Intensivo (CTI) do Hospital Pronto Socorro (HPS). Segundo informa\u00e7\u00f5es, a paciente estava internada desde o dia 16 deste m\u00eas e seguir\u00e1 com o tratamento na enfermaria da unidade.<\/span><\/p>\n<p><b>Boletim epidemiol\u00f3gico<\/b><\/p>\n<p><span style=\"font-weight: 400;\">A Secretaria de Sa\u00fade (SS) da Prefeitura de Juiz de Fora (PJF), confirmou em boletim divulgado nessa ter\u00e7a-feira (26), que Juiz de Fora obteve aumento de 19 casos de Coronav\u00edrus em 24h. Conforme o levantamento, o total de casos confirmados chega a 573. Al\u00e9m disso, 4.256 s\u00e3o considerados suspeitos e at\u00e9 ent\u00e3o 29 pacientes morreram.<\/span><\/p>\n","protected":false},"excerpt":{"rendered":"<p>Nessa ter\u00e7a-feira (26), o prefeito Ant\u00f4nio Almas (PSDB), publicou em sua rede social, um v\u00eddeo\u00a0 da paciente de 62 anos, diagnosticada com Coronav\u00edrus, recebendo alta do Centro de Tratamento Intensivo (CTI) do Hospital Pronto Socorro (HPS). Segundo informa\u00e7\u00f5es, a paciente estava internada desde o dia 16 deste m\u00eas e seguir\u00e1 com o tratamento na enfermaria [&hellip;]<\/p>\n","protected":false},"author":96,"featured_media":161057,"comment_status":"closed","ping_status":"closed","sticky":false,"template":"","format":"standard","meta":{"footnotes":""},"categories":[253,436,440,439],"tags":[],"class_list":["post-161056","post","type-post","status-publish","format-standard","has-post-thumbnail","hentry","category-cidade","category-destaque-da-semana","category-destaques-do-dia","category-ultima-hora"],"_links":{"self":[{"href":"https:\/\/diarioregionaldigital.com.br\/index.php?rest_route=\/wp\/v2\/posts\/161056","targetHints":{"allow":["GET"]}}],"collection":[{"href":"https:\/\/diarioregionaldigital.com.br\/index.php?rest_route=\/wp\/v2\/posts"}],"about":[{"href":"https:\/\/diarioregionaldigital.com.br\/index.php?rest_route=\/wp\/v2\/types\/post"}],"author":[{"embeddable":true,"href":"https:\/\/diarioregionaldigital.com.br\/index.php?rest_route=\/wp\/v2\/users\/96"}],"replies":[{"embeddable":true,"href":"https:\/\/diarioregionaldigital.com.br\/index.php?rest_route=%2Fwp%2Fv2%2Fcomments&post=161056"}],"version-history":[{"count":0,"href":"https:\/\/diarioregionaldigital.com.br\/index.php?rest_route=\/wp\/v2\/posts\/161056\/revisions"}],"wp:featuredmedia":[{"embeddable":true,"href":"https:\/\/diarioregionaldigital.com.br\/index.php?rest_route=\/wp\/v2\/media\/161057"}],"wp:attachment":[{"href":"https:\/\/diarioregionaldigital.com.br\/index.php?rest_route=%2Fwp%2Fv2%2Fmedia&parent=161056"}],"wp:term":[{"taxonomy":"category","embeddable":true,"href":"https:\/\/diarioregionaldigital.com.br\/index.php?rest_route=%2Fwp%2Fv2%2Fcategories&post=161056"},{"taxonomy":"post_tag","embeddable":true,"href":"https:\/\/diarioregionaldigital.com.br\/index.php?rest_route=%2Fwp%2Fv2%2Ftags&post=161056"}],"curies":[{"name":"wp","href":"https:\/\/api.w.org\/{rel}","templated":true}]}}