{"id":161053,"date":"2020-05-26T18:02:07","date_gmt":"2020-05-26T21:02:07","guid":{"rendered":"https:\/\/diarioregionaldigital.com.br\/?p=161053"},"modified":"2020-05-26T18:02:07","modified_gmt":"2020-05-26T21:02:07","slug":"cemig-presta-esclarecimentos-no-plenario-da-camara-sobre-cobranca-de-energia-no-periodo-de-pandemia","status":"publish","type":"post","link":"https:\/\/diarioregionaldigital.com.br\/?p=161053","title":{"rendered":"Cemig presta esclarecimentos no Plen\u00e1rio da C\u00e2mara sobre cobran\u00e7a de energia no per\u00edodo de pandemia"},"content":{"rendered":"<p>O Plen\u00e1rio da C\u00e2mara recebeu na tarde de segunda-feira, 25, representantes da Cemig para esclarecimentos sobre a medi\u00e7\u00e3o das contas de luz no per\u00edodo de pandemia. Durante a reuni\u00e3o os vereadores ressaltaram que t\u00eam recebido reclama\u00e7\u00f5es em seus gabinetes sobre os valores cobrados nas contas do m\u00eas de maio, e lembraram da import\u00e2ncia de um canal de comunica\u00e7\u00e3o eficaz para receber as reclama\u00e7\u00f5es das fam\u00edlias consumidoras nesse momento de vulnerabilidade econ\u00f4mica.<\/p>\n<p>Os canais anunciados s\u00e3o o aplicativo Cemig Atende, o contato pelo Whatsapp pelo n\u00famero (31) 3506-1160 e o tradicional 116, que est\u00e1 dispon\u00edvel 24h por dia para emerg\u00eancias e presta atendimento comercial das 08h \u00e0s 18h, al\u00e9m de um totem para atendimento digital no sagu\u00e3o da C\u00e2mara, que ser\u00e1 ativado assim que o atendimento do CAC for normalizado.<\/p>\n<p>O vereador Juraci Scheffer (PT) entregou uma s\u00e9rie de perguntas para que os representantes da Cemig esclarecessem d\u00favidas, e questionou tamb\u00e9m o que a Cemig tem feito em prol dos juizforanos durante a pandemia. \u201cN\u00f3s queremos saber o que voc\u00eas podem fazer a mais para ajudar a popula\u00e7\u00e3o da cidade neste momento\u201d. O vereador lembrou tamb\u00e9m do reajuste que foi aprovado pela Ag\u00eancia Nacional de Energia El\u00e9trica (ANEEL), um aumento de 8% na tarifa do fornecimento de energia el\u00e9trica, que entra em vigor a partir do dia 28.<\/p>\n<p>O assessor de comunica\u00e7\u00e3o da Cemig, Celso Noronha, anunciou na reuni\u00e3o que a concession\u00e1ria fez uma doa\u00e7\u00e3o de R$ 5 milh\u00f5es para a Secretaria de Estado de Sa\u00fade de Minas Gerais, direcionados para o aumento do n\u00famero de leitos em dez hospitais. Destes, em Juiz de Fora foi contemplado o Therezinha de Jesus. Al\u00e9m dessa medida, para cada cliente da Cemig que acesse o site e atualize seu cadastro, a empresa se compromete a doar 5 reais para contribuir com a sa\u00fade em Minas.<\/p>\n<p>O presidente da Casa, Luiz Ot\u00e1vio Fernandes \u2013 Pardal (PSL), levantou a quest\u00e3o da ilumina\u00e7\u00e3o p\u00fablica, lembrando que hoje h\u00e1 cerca de 2 mil l\u00e2mpadas em Juiz de Fora que precisam ser trocadas pela prefeitura. J\u00falio Obama Jr. (PODE) salientou a import\u00e2ncia da reuni\u00e3o. \u201cMuitas pessoas estavam aguardando esse momento aqui na C\u00e2mara, dada a dificuldade de receber uma resposta, at\u00e9 mesmo quando faziam uma reclama\u00e7\u00e3o\u201d, destacou.<\/p>\n<p>Em rela\u00e7\u00e3o ao aumento do valor da conta de luz, o representante da Cemig, Magela Mendes, esclareceu que ao final do m\u00eas de mar\u00e7o houve um per\u00edodo de quatro dias \u00fateis nos quais a Cemig fez a leitura cobrando pela m\u00e9dia dos \u00faltimos doze meses. Como em Juiz de Fora a leitura \u00e9 dividida em 18 regi\u00f5es, quatro foram atingidas com a medida de leitura pela m\u00e9dia, afetando cerca de 72 mil clientes.<\/p>\n<p>Magela esclareceu que a Cemig est\u00e1 disposta a rever poss\u00edveis equ\u00edvocos na leitura e que, para isso, o consumidor precisa buscar o atendimento em algum dos canais dispon\u00edveis neste per\u00edodo de pandemia, enquanto o escrit\u00f3rio est\u00e1 fechado para atendimento presencial. O representante da Cemig lembrou que com as medidas de trabalho remoto e escolas fechadas o consumo das resid\u00eancias acabou aumentando, e nesse ponto os vereadores questionaram, afirmando que essa rela\u00e7\u00e3o n\u00e3o \u00e9 uma regra; Z\u00e9 M\u00e1rcio &#8211; Garotinho (PV) lembrou que as pr\u00e1ticas s\u00e3o diferentes considerando cada fam\u00edlia.<\/p>\n<p>O agente de relacionamento Edson Lima Campos lembrou que o cliente de baixa renda que consome at\u00e9 220 kw\/ h por m\u00eas est\u00e1 isento das contas de luz em abril, maio e junho, com base em um programa do Governo Federal. Por\u00e9m, os impostos precisam ser pagos, como PIS, COFINS, taxa de ilumina\u00e7\u00e3o p\u00fablica, entre outros, e caso esses valores somados resultem em menos de R$ 35,00, a conta chega constando R$ 0,00, acumulando os valores para o m\u00eas seguinte.<\/p>\n<p>Estiveram presentes na reuni\u00e3o a vereadora Ana do Pde. Frederico (PATRIOTA), Vagner de Oliveira (PSB), Ant\u00f4nio Aguiar (DEM), Sargento Mello Casal (PTB), Marlon Siqueira (PP), Nilton Milit\u00e3o (PSD) e Cido Reis (PSB).<\/p>\n<p>&nbsp;<\/p>\n<p><strong>Fonte:\u00a0<\/strong>Assessoria<\/p>\n","protected":false},"excerpt":{"rendered":"<p>O Plen\u00e1rio da C\u00e2mara recebeu na tarde de segunda-feira, 25, representantes da Cemig para esclarecimentos sobre a medi\u00e7\u00e3o das contas de luz no per\u00edodo de pandemia. Durante a reuni\u00e3o os vereadores ressaltaram que t\u00eam recebido reclama\u00e7\u00f5es em seus gabinetes sobre os valores cobrados nas contas do m\u00eas de maio, e lembraram da import\u00e2ncia de um [&hellip;]<\/p>\n","protected":false},"author":96,"featured_media":161054,"comment_status":"closed","ping_status":"closed","sticky":false,"template":"","format":"standard","meta":{"footnotes":""},"categories":[253,436,439],"tags":[],"class_list":["post-161053","post","type-post","status-publish","format-standard","has-post-thumbnail","hentry","category-cidade","category-destaque-da-semana","category-ultima-hora"],"_links":{"self":[{"href":"https:\/\/diarioregionaldigital.com.br\/index.php?rest_route=\/wp\/v2\/posts\/161053","targetHints":{"allow":["GET"]}}],"collection":[{"href":"https:\/\/diarioregionaldigital.com.br\/index.php?rest_route=\/wp\/v2\/posts"}],"about":[{"href":"https:\/\/diarioregionaldigital.com.br\/index.php?rest_route=\/wp\/v2\/types\/post"}],"author":[{"embeddable":true,"href":"https:\/\/diarioregionaldigital.com.br\/index.php?rest_route=\/wp\/v2\/users\/96"}],"replies":[{"embeddable":true,"href":"https:\/\/diarioregionaldigital.com.br\/index.php?rest_route=%2Fwp%2Fv2%2Fcomments&post=161053"}],"version-history":[{"count":0,"href":"https:\/\/diarioregionaldigital.com.br\/index.php?rest_route=\/wp\/v2\/posts\/161053\/revisions"}],"wp:featuredmedia":[{"embeddable":true,"href":"https:\/\/diarioregionaldigital.com.br\/index.php?rest_route=\/wp\/v2\/media\/161054"}],"wp:attachment":[{"href":"https:\/\/diarioregionaldigital.com.br\/index.php?rest_route=%2Fwp%2Fv2%2Fmedia&parent=161053"}],"wp:term":[{"taxonomy":"category","embeddable":true,"href":"https:\/\/diarioregionaldigital.com.br\/index.php?rest_route=%2Fwp%2Fv2%2Fcategories&post=161053"},{"taxonomy":"post_tag","embeddable":true,"href":"https:\/\/diarioregionaldigital.com.br\/index.php?rest_route=%2Fwp%2Fv2%2Ftags&post=161053"}],"curies":[{"name":"wp","href":"https:\/\/api.w.org\/{rel}","templated":true}]}}