{"id":161050,"date":"2020-05-26T17:23:03","date_gmt":"2020-05-26T20:23:03","guid":{"rendered":"https:\/\/diarioregionaldigital.com.br\/?p=161050"},"modified":"2020-05-26T17:23:03","modified_gmt":"2020-05-26T20:23:03","slug":"covid-19-75-dos-moradores-de-favelas-nao-procuram-atendimento-medico","status":"publish","type":"post","link":"https:\/\/diarioregionaldigital.com.br\/?p=161050","title":{"rendered":"Covid-19: 75% dos moradores de favelas n\u00e3o procuram atendimento m\u00e9dico"},"content":{"rendered":"<p>Uma pesquisa feita pela organiza\u00e7\u00e3o Viva Rio mostrou que 75,5% das pessoas com sintomas de covid-19 nas favelas n\u00e3o procuraram atendimento m\u00e9dico e que metade conhece algu\u00e9m pr\u00f3ximo que morreu da doen\u00e7a. A pesquisa revela ainda que 10% das mortes ocorreram dentro de casa, sem qualquer assist\u00eancia m\u00e9dica.<\/p>\n<p>O levantamento integra a iniciativa\u00a0SOS Favela \u2013 Rede Solid\u00e1ria\u00a0contra o coronav\u00edrus, que tem um cadastro de 32.037 fam\u00edlias em 332 comunidades de 29 munic\u00edpios do estado do Rio<span id=\"OBJ_PREFIX_DWT382_com_zimbra_date\" role=\"link\">\u00a0de Janeiro<\/span>. O question\u00e1rio foi aplicado pela internet entre os dias 9 e\u00a0<span id=\"OBJ_PREFIX_DWT383_com_zimbra_date\" role=\"link\">16 de maio<\/span>. Todas as fam\u00edlias cadastradas foram convidadas a participar da pesquisa e 3.542 responderam sobre o impacto da covid-19 em sua vida.<\/p>\n<p>Os dados obtidos mostram que 8,8% dos domic\u00edlios das favelas t\u00eam ao menos uma pessoa infectada e que 4,2% disseram n\u00e3o estar infectados, mas convivem com pelo menos uma pessoa com a doen\u00e7a. Das pessoas que responderam \u00e0 pesquisa, 3,2% informaram\u00a0<span id=\"OBJ_PREFIX_DWT384_com_zimbra_date\" role=\"link\">ter<\/span>\u00a0tido diagn\u00f3stico positivo para covid-19, variando de 4,5%, na capital, a 0,4%, no interior.<\/p>\n<p>Considerando a alta taxa de cont\u00e1gio do novo coronav\u00edrus e a dificuldade de isolamento dos moradores das favelas, a organiza\u00e7\u00e3o estima que o n\u00famero de pessoas com covid-19 nas comunidades pode chegar em breve a 150 mil. A pesquisa indica tamb\u00e9m que as pessoas contaminadas s\u00e3o as que precisam sair de casa para trabalhar, j\u00e1 que 87,9% tem entre 25 e 59 anos de idade.<\/p>\n<p>O levantamento mostra ainda que a pandemia j\u00e1 se instalou na Baixada Fluminense. Enquanto, no interior do estado, 16,5% dos entrevistados disseram que ele pr\u00f3prio, ou algu\u00e9m dentro de casa, teve sintomas da doen\u00e7a; na capital, o percentual \u00e9 de 39,2% e na Baixada, de 34%. O percentual dos que tiveram resultado positivo em testes na regi\u00e3o ficou em 2,4%.<\/p>\n<p>Segundo a organiza\u00e7\u00e3o, a desigualdade na assist\u00eancia ocorre tamb\u00e9m entre as favelas. Enquanto 11,9% dos entrevistados da Baixada relataram a morte de pessoas pr\u00f3ximas por covid-19, ou suspeita dentro de casa; na capital, s\u00e3o 11,6%, em S\u00e3o Gon\u00e7alo, 9,5%, em Niter\u00f3i, 3,3% e no interior, 3,1%.<\/p>\n<p>O\u00a0Painel Coronav\u00edrus nas Favela, do jornal\u00a0<em>Voz das Comunidades<\/em>, mostra que, na capital, essas localidades tem 842 casos confirmados de covid-19, com 202 mortes, conforme dados atualizados na noite de\u00a0<span id=\"OBJ_PREFIX_DWT386_com_zimbra_date\" role=\"link\">ontem<\/span>\u00a0(25). A Rocinha \u00e9 a favela com mais casos: 152, no total, e 52 mortes. A Mar\u00e9 vem em segundo, com 142 confirma\u00e7\u00f5es da doen\u00e7a e 23 \u00f3bitos.<\/p>\n<p>No Complexo da Mar\u00e9, o monitoramento feito pela organiza\u00e7\u00e3o Redes da Mar\u00e9 indica uma diferen\u00e7a de 193% com rela\u00e7\u00e3o aos dados oficiais da prefeitura. A terceira edi\u00e7\u00e3o do boletim De olho no Corona!, divulgado na quinta-feira (21), diz que as 16 favelas do complexo somavam, at\u00e9 o dia\u00a0<span id=\"OBJ_PREFIX_DWT387_com_zimbra_date\" role=\"link\">18 de maio<\/span>, 261 pessoas com suspeita ou confirma\u00e7\u00e3o da doen\u00e7a e 38 \u00f3bitos associados \u00e0 covid-19.<\/p>\n<p>&nbsp;<\/p>\n<p><strong>Fonte:<\/strong>\u00a0Ag\u00eancia Brasil<\/p>\n","protected":false},"excerpt":{"rendered":"<p>Uma pesquisa feita pela organiza\u00e7\u00e3o Viva Rio mostrou que 75,5% das pessoas com sintomas de covid-19 nas favelas n\u00e3o procuraram atendimento m\u00e9dico e que metade conhece algu\u00e9m pr\u00f3ximo que morreu da doen\u00e7a. A pesquisa revela ainda que 10% das mortes ocorreram dentro de casa, sem qualquer assist\u00eancia m\u00e9dica. O levantamento integra a iniciativa\u00a0SOS Favela \u2013 [&hellip;]<\/p>\n","protected":false},"author":96,"featured_media":161051,"comment_status":"closed","ping_status":"closed","sticky":false,"template":"","format":"standard","meta":{"footnotes":""},"categories":[302,436,439],"tags":[],"class_list":["post-161050","post","type-post","status-publish","format-standard","has-post-thumbnail","hentry","category-brasil-mundo","category-destaque-da-semana","category-ultima-hora"],"_links":{"self":[{"href":"https:\/\/diarioregionaldigital.com.br\/index.php?rest_route=\/wp\/v2\/posts\/161050","targetHints":{"allow":["GET"]}}],"collection":[{"href":"https:\/\/diarioregionaldigital.com.br\/index.php?rest_route=\/wp\/v2\/posts"}],"about":[{"href":"https:\/\/diarioregionaldigital.com.br\/index.php?rest_route=\/wp\/v2\/types\/post"}],"author":[{"embeddable":true,"href":"https:\/\/diarioregionaldigital.com.br\/index.php?rest_route=\/wp\/v2\/users\/96"}],"replies":[{"embeddable":true,"href":"https:\/\/diarioregionaldigital.com.br\/index.php?rest_route=%2Fwp%2Fv2%2Fcomments&post=161050"}],"version-history":[{"count":0,"href":"https:\/\/diarioregionaldigital.com.br\/index.php?rest_route=\/wp\/v2\/posts\/161050\/revisions"}],"wp:featuredmedia":[{"embeddable":true,"href":"https:\/\/diarioregionaldigital.com.br\/index.php?rest_route=\/wp\/v2\/media\/161051"}],"wp:attachment":[{"href":"https:\/\/diarioregionaldigital.com.br\/index.php?rest_route=%2Fwp%2Fv2%2Fmedia&parent=161050"}],"wp:term":[{"taxonomy":"category","embeddable":true,"href":"https:\/\/diarioregionaldigital.com.br\/index.php?rest_route=%2Fwp%2Fv2%2Fcategories&post=161050"},{"taxonomy":"post_tag","embeddable":true,"href":"https:\/\/diarioregionaldigital.com.br\/index.php?rest_route=%2Fwp%2Fv2%2Ftags&post=161050"}],"curies":[{"name":"wp","href":"https:\/\/api.w.org\/{rel}","templated":true}]}}