{"id":161044,"date":"2020-05-26T17:17:17","date_gmt":"2020-05-26T20:17:17","guid":{"rendered":"https:\/\/diarioregionaldigital.com.br\/?p=161044"},"modified":"2020-05-26T17:17:17","modified_gmt":"2020-05-26T20:17:17","slug":"representacao-pede-expansao-do-auxilio-emergencial-para-outras-categorias-profissionais","status":"publish","type":"post","link":"https:\/\/diarioregionaldigital.com.br\/?p=161044","title":{"rendered":"Representa\u00e7\u00e3o pede expans\u00e3o do aux\u00edlio emergencial para outras categorias profissionais"},"content":{"rendered":"<p><span style=\"font-weight: 400;\">O vereador Nilton Milit\u00e3o (PSD) encaminhou uma representa\u00e7\u00e3o ao Senado Federal com o intuito de derrubar o veto presidencial \u00e0 expans\u00e3o do aux\u00edlio emergencial para outras categorias profissionais, dando \u00eanfase \u00e0 dos motoristas de transporte escolar.<\/span><\/p>\n<p><span style=\"font-weight: 400;\">De acordo com o vereador, a categoria vem sofrendo muito com a crise causada pelo novo Coronav\u00edrus: \u201c\u00c9 ineg\u00e1vel que essa classe tamb\u00e9m vem amargando as dificuldades financeiras vividas em raz\u00e3o da pandemia do novo Coronav\u00edrus, considerando que as atividades escolares est\u00e3o suspensas e sem qualquer perspectiva concreta de retorno\u201d, afirmou.<\/span><\/p>\n<p><span style=\"font-weight: 400;\">Nilton Milit\u00e3o ainda explicou que esses trabalhadores s\u00e3o, em grande maioria, aut\u00f4nomos. Al\u00e9m de n\u00e3o possu\u00edrem os recursos m\u00ednimos \u00e0 subsist\u00eancia de suas fam\u00edlias, ainda sofrem grande press\u00e3o dos bancos, devido ao contrato de financiamento dos ve\u00edculos escolares.<\/span><\/p>\n<p><span style=\"font-weight: 400;\">Na representa\u00e7\u00e3o, Milit\u00e3o ressalta a necessidade de a classe profissional ser enquadrada no recebimento do benef\u00edcio do aux\u00edlio emergencial e pede aos senadores que se mobilizem no sentido de derrubar o Veto Presidencial, por se tratar de uma quest\u00e3o de Justi\u00e7a Social.<\/span><\/p>\n<p><span style=\"font-weight: 400;\">\u00a0<\/span><\/p>\n<p><strong>Fonte:\u00a0<\/strong>Assessoria<\/p>\n","protected":false},"excerpt":{"rendered":"<p>O vereador Nilton Milit\u00e3o (PSD) encaminhou uma representa\u00e7\u00e3o ao Senado Federal com o intuito de derrubar o veto presidencial \u00e0 expans\u00e3o do aux\u00edlio emergencial para outras categorias profissionais, dando \u00eanfase \u00e0 dos motoristas de transporte escolar. De acordo com o vereador, a categoria vem sofrendo muito com a crise causada pelo novo Coronav\u00edrus: \u201c\u00c9 ineg\u00e1vel [&hellip;]<\/p>\n","protected":false},"author":96,"featured_media":161045,"comment_status":"closed","ping_status":"closed","sticky":false,"template":"","format":"standard","meta":{"footnotes":""},"categories":[253,436,439],"tags":[],"class_list":["post-161044","post","type-post","status-publish","format-standard","has-post-thumbnail","hentry","category-cidade","category-destaque-da-semana","category-ultima-hora"],"_links":{"self":[{"href":"https:\/\/diarioregionaldigital.com.br\/index.php?rest_route=\/wp\/v2\/posts\/161044","targetHints":{"allow":["GET"]}}],"collection":[{"href":"https:\/\/diarioregionaldigital.com.br\/index.php?rest_route=\/wp\/v2\/posts"}],"about":[{"href":"https:\/\/diarioregionaldigital.com.br\/index.php?rest_route=\/wp\/v2\/types\/post"}],"author":[{"embeddable":true,"href":"https:\/\/diarioregionaldigital.com.br\/index.php?rest_route=\/wp\/v2\/users\/96"}],"replies":[{"embeddable":true,"href":"https:\/\/diarioregionaldigital.com.br\/index.php?rest_route=%2Fwp%2Fv2%2Fcomments&post=161044"}],"version-history":[{"count":0,"href":"https:\/\/diarioregionaldigital.com.br\/index.php?rest_route=\/wp\/v2\/posts\/161044\/revisions"}],"wp:featuredmedia":[{"embeddable":true,"href":"https:\/\/diarioregionaldigital.com.br\/index.php?rest_route=\/wp\/v2\/media\/161045"}],"wp:attachment":[{"href":"https:\/\/diarioregionaldigital.com.br\/index.php?rest_route=%2Fwp%2Fv2%2Fmedia&parent=161044"}],"wp:term":[{"taxonomy":"category","embeddable":true,"href":"https:\/\/diarioregionaldigital.com.br\/index.php?rest_route=%2Fwp%2Fv2%2Fcategories&post=161044"},{"taxonomy":"post_tag","embeddable":true,"href":"https:\/\/diarioregionaldigital.com.br\/index.php?rest_route=%2Fwp%2Fv2%2Ftags&post=161044"}],"curies":[{"name":"wp","href":"https:\/\/api.w.org\/{rel}","templated":true}]}}