{"id":161039,"date":"2020-05-26T16:06:14","date_gmt":"2020-05-26T19:06:14","guid":{"rendered":"https:\/\/diarioregionaldigital.com.br\/?p=161039"},"modified":"2020-05-26T16:06:14","modified_gmt":"2020-05-26T19:06:14","slug":"tupi-fara-projeto-para-construir-novo-ct-para-time-profissional","status":"publish","type":"post","link":"https:\/\/diarioregionaldigital.com.br\/?p=161039","title":{"rendered":"Tupi far\u00e1 projeto para construir novo CT para time profissional"},"content":{"rendered":"<p><span style=\"font-weight: 400;\">O Tupi anunciou projeto para constru\u00e7\u00e3o do novo Centro de Treinamento para o elenco profissional. Segundo informa\u00e7\u00f5es da assessoria do Galo Carij\u00f3, a constru\u00e7\u00e3o ser\u00e1 realizada no Bairro Grama (Regi\u00e3o Nordeste) de Juiz de Fora e contar\u00e1 com a parceria com a Construtora Rezende Roriz.<\/span><\/p>\n<p><span style=\"font-weight: 400;\">O projeto j\u00e1 est\u00e1 firmado e foi aprovado pelos conselheiros do Tupi, no entanto n\u00e3o h\u00e1 previs\u00e3o para o in\u00edcio das obras. Segundo o presidente Juninho, o clube vai esperar passar a epidemia do Coronav\u00edrus e a empresa com a qual o alvinegro firmou contrato teve que reduzir seu quadro de funcion\u00e1rios:<\/span><\/p>\n<p><span style=\"font-weight: 400;\">\u201cTemos que esperar essa pandemia passar, a pr\u00f3pria construtora teve que reduzir seu quadro de funcion\u00e1rios, mas o contrato j\u00e1 est\u00e1 assinado\u201d.\u00a0<\/span><\/p>\n<p><span style=\"font-weight: 400;\">Outro projeto que foi aprovado na diretoria alvinegra \u00e9 a constru\u00e7\u00e3o do campo para os times das categorias de base, que tamb\u00e9m ser\u00e1 feita no Bairro Grama. Segundo informa\u00e7\u00f5es da assessoria do Tupi, o campo ser\u00e1 utilizado pelos times sub-15, sub-17, sub-20 e sub-23, enquanto que o novo CT n\u00e3o fica pronto.<\/span><\/p>\n<p><span style=\"font-weight: 400;\">Segundo o presidente Juninho, o Grupo Multisport, que cuida da gest\u00e3o das categorias de base, ir\u00e1 arcar com instala\u00e7\u00f5es na sede social do clube como alojamento, lavanderia, restaurante e academia:<\/span><\/p>\n<p><span style=\"font-weight: 400;\">\u201cO alojamento vai ter vaga para 80 atletas. A lavanderia ser\u00e1 equipada com equipamentos a n\u00edvel industrial. O restaurante ir\u00e1 servir cerca de 400 refei\u00e7\u00f5es ao dia. A academia ser\u00e1 totalmente equipada e o departamento m\u00e9dico ser\u00e1 equipado com aparelhos de exames. A base ter\u00e1 tamb\u00e9m um \u00f4nibus a sua disposi\u00e7\u00e3o. A previs\u00e3o para finalizar o alojamento \u00e9 15 de junho.\u201d<\/span><\/p>\n<p>&nbsp;<\/p>\n","protected":false},"excerpt":{"rendered":"<p>O Tupi anunciou projeto para constru\u00e7\u00e3o do novo Centro de Treinamento para o elenco profissional. Segundo informa\u00e7\u00f5es da assessoria do Galo Carij\u00f3, a constru\u00e7\u00e3o ser\u00e1 realizada no Bairro Grama (Regi\u00e3o Nordeste) de Juiz de Fora e contar\u00e1 com a parceria com a Construtora Rezende Roriz. O projeto j\u00e1 est\u00e1 firmado e foi aprovado pelos conselheiros [&hellip;]<\/p>\n","protected":false},"author":96,"featured_media":161042,"comment_status":"closed","ping_status":"closed","sticky":false,"template":"","format":"standard","meta":{"footnotes":""},"categories":[436,257,439],"tags":[],"class_list":["post-161039","post","type-post","status-publish","format-standard","has-post-thumbnail","hentry","category-destaque-da-semana","category-esporte","category-ultima-hora"],"_links":{"self":[{"href":"https:\/\/diarioregionaldigital.com.br\/index.php?rest_route=\/wp\/v2\/posts\/161039","targetHints":{"allow":["GET"]}}],"collection":[{"href":"https:\/\/diarioregionaldigital.com.br\/index.php?rest_route=\/wp\/v2\/posts"}],"about":[{"href":"https:\/\/diarioregionaldigital.com.br\/index.php?rest_route=\/wp\/v2\/types\/post"}],"author":[{"embeddable":true,"href":"https:\/\/diarioregionaldigital.com.br\/index.php?rest_route=\/wp\/v2\/users\/96"}],"replies":[{"embeddable":true,"href":"https:\/\/diarioregionaldigital.com.br\/index.php?rest_route=%2Fwp%2Fv2%2Fcomments&post=161039"}],"version-history":[{"count":0,"href":"https:\/\/diarioregionaldigital.com.br\/index.php?rest_route=\/wp\/v2\/posts\/161039\/revisions"}],"wp:featuredmedia":[{"embeddable":true,"href":"https:\/\/diarioregionaldigital.com.br\/index.php?rest_route=\/wp\/v2\/media\/161042"}],"wp:attachment":[{"href":"https:\/\/diarioregionaldigital.com.br\/index.php?rest_route=%2Fwp%2Fv2%2Fmedia&parent=161039"}],"wp:term":[{"taxonomy":"category","embeddable":true,"href":"https:\/\/diarioregionaldigital.com.br\/index.php?rest_route=%2Fwp%2Fv2%2Fcategories&post=161039"},{"taxonomy":"post_tag","embeddable":true,"href":"https:\/\/diarioregionaldigital.com.br\/index.php?rest_route=%2Fwp%2Fv2%2Ftags&post=161039"}],"curies":[{"name":"wp","href":"https:\/\/api.w.org\/{rel}","templated":true}]}}