{"id":161036,"date":"2020-05-26T15:39:23","date_gmt":"2020-05-26T18:39:23","guid":{"rendered":"https:\/\/diarioregionaldigital.com.br\/?p=161036"},"modified":"2020-05-26T15:39:23","modified_gmt":"2020-05-26T18:39:23","slug":"primeiro-atleta-profissional-de-basquete-3x3-no-pais-leandro-discreto-sonha-com-os-jogos-de-toquio","status":"publish","type":"post","link":"https:\/\/diarioregionaldigital.com.br\/?p=161036","title":{"rendered":"Primeiro atleta profissional de basquete 3&#215;3 no pa\u00eds, Leandro Discreto sonha com os Jogos de T\u00f3quio"},"content":{"rendered":"<p><span style=\"font-weight: 400;\">N\u00e3o faltam hist\u00f3rias inspiradoras no esporte ol\u00edmpico nacional. Leandro Souza de Lima, o Leandro Discreto, \u00e9 mais um exemplo de atleta brasileiro que precisou batalhar muito para vencer na carreira. Integrante da sele\u00e7\u00e3o de basquete 3&#215;3 que se preparava para disputar o Pr\u00e9-ol\u00edmpico da modalidade, na \u00cdndia, antes da pandemia da COVID-19, o jogador de 36 anos nasceu e foi criado na favela da Rocinha, no Rio de Janeiro, e s\u00f3 come\u00e7ou a dar seus primeiros arremessos na adolesc\u00eancia.<\/span><\/p>\n<p><span style=\"font-weight: 400;\">Apesar do in\u00edcio tardio na modalidade, e vindo de uma cultura de jogar basquete em quadras p\u00fablicas, Discreto sempre mostrou muita t\u00e9cnica e habilidade. E foi gra\u00e7as a esse talento que ele recebeu a primeira chance em um clube aos 19 anos, o Flamengo, que \u00e0 \u00e9poca tinha em seu elenco Oscar Schmidt, Olivinha e Miguel \u00c2ngelo da Luz no comando t\u00e9cnico.<\/span><\/p>\n<p><span style=\"font-weight: 400;\">\u201cFoi uma passagem r\u00e1pida, porque cheguei tarde ao clube e n\u00e3o tinha todo o conhecimento para defender um time de elite como aquele\u201d, explicou o atleta, que depois ainda passou pelos outros tr\u00eas grandes clubes cariocas \u2013 Vasco, Fluminense e Botafogo \u2013 antes de migrar de vez para o basquete 3&#215;3. \u201cA bagagem que adquiri no 3&#215;3 foi jogando e treinando em parques p\u00fablicos. Foi l\u00e1 que desenvolvi as habilidades que hoje me deram a chance de compor a sele\u00e7\u00e3o brasileira, conhecer muitos pa\u00edses e ser contratado por clubes da Su\u00ed\u00e7a, Jap\u00e3o e \u00cdndia\u201d.<\/span><\/p>\n<p><span style=\"font-weight: 400;\">Em live no Instagram do Time Brasil, Leandro Discreto explicou que foi o primeiro atleta do pa\u00eds a se profissionalizar na modalidade. Isso ocorreu ap\u00f3s ele receber um convite de uma equipe em Yokohama, que o viu em a\u00e7\u00e3o competindo pelo S\u00e3o Paulo DC, principal time brasileiro de basquete 3&#215;3.<\/span><\/p>\n<p><span style=\"font-weight: 400;\">Com experi\u00eancia de sobra, Discreto foi um dos seis convocados no in\u00edcio do ano pelo t\u00e9cnico Douglas Lorite para a fase de treinamentos que definiria a sele\u00e7\u00e3o no Pr\u00e9-ol\u00edmpico da \u00cdndia. Assim como o restante do elenco, ele lamentou o adiamento do torneio que poderia levar a equipe brasileira aos Jogos de T\u00f3quio, ainda mais por estarem treinando bem no Rio de Janeiro.<\/span><\/p>\n<p><span style=\"font-weight: 400;\">\u201cAgora estamos aguardando as novas datas do Pr\u00e9-ol\u00edmpico, mas v\u00ednhamos fazendo um trabalho muito forte e intenso. O Ex\u00e9rcito liberou o EsEFEx na Urca (Zona Sul do Rio de Janeiro), que tem a estrutura ideal para fazermos nossa prepara\u00e7\u00e3o\u201d, disse Discreto, que n\u00e3o esconde de ningu\u00e9m que sonha disputar os Jogos Ol\u00edmpicos na estreia da modalidade no programa do evento: \u201cAcho que \u00e9 o sonho de todos n\u00f3s.\u201d<\/span><\/p>\n<p><span style=\"font-weight: 400;\">Ainda sem nova data definida o Pr\u00e9-ol\u00edmpico Mundial distribuir\u00e1 tr\u00eas das oito vagas previstas para o torneio masculino em T\u00f3quio 2020.<\/span><\/p>\n<p>&nbsp;<\/p>\n<p><strong>Fonte:<\/strong>\u00a0COB<\/p>\n","protected":false},"excerpt":{"rendered":"<p>N\u00e3o faltam hist\u00f3rias inspiradoras no esporte ol\u00edmpico nacional. Leandro Souza de Lima, o Leandro Discreto, \u00e9 mais um exemplo de atleta brasileiro que precisou batalhar muito para vencer na carreira. Integrante da sele\u00e7\u00e3o de basquete 3&#215;3 que se preparava para disputar o Pr\u00e9-ol\u00edmpico da modalidade, na \u00cdndia, antes da pandemia da COVID-19, o jogador de [&hellip;]<\/p>\n","protected":false},"author":96,"featured_media":161037,"comment_status":"closed","ping_status":"closed","sticky":false,"template":"","format":"standard","meta":{"footnotes":""},"categories":[436,257,439],"tags":[],"class_list":["post-161036","post","type-post","status-publish","format-standard","has-post-thumbnail","hentry","category-destaque-da-semana","category-esporte","category-ultima-hora"],"_links":{"self":[{"href":"https:\/\/diarioregionaldigital.com.br\/index.php?rest_route=\/wp\/v2\/posts\/161036","targetHints":{"allow":["GET"]}}],"collection":[{"href":"https:\/\/diarioregionaldigital.com.br\/index.php?rest_route=\/wp\/v2\/posts"}],"about":[{"href":"https:\/\/diarioregionaldigital.com.br\/index.php?rest_route=\/wp\/v2\/types\/post"}],"author":[{"embeddable":true,"href":"https:\/\/diarioregionaldigital.com.br\/index.php?rest_route=\/wp\/v2\/users\/96"}],"replies":[{"embeddable":true,"href":"https:\/\/diarioregionaldigital.com.br\/index.php?rest_route=%2Fwp%2Fv2%2Fcomments&post=161036"}],"version-history":[{"count":0,"href":"https:\/\/diarioregionaldigital.com.br\/index.php?rest_route=\/wp\/v2\/posts\/161036\/revisions"}],"wp:featuredmedia":[{"embeddable":true,"href":"https:\/\/diarioregionaldigital.com.br\/index.php?rest_route=\/wp\/v2\/media\/161037"}],"wp:attachment":[{"href":"https:\/\/diarioregionaldigital.com.br\/index.php?rest_route=%2Fwp%2Fv2%2Fmedia&parent=161036"}],"wp:term":[{"taxonomy":"category","embeddable":true,"href":"https:\/\/diarioregionaldigital.com.br\/index.php?rest_route=%2Fwp%2Fv2%2Fcategories&post=161036"},{"taxonomy":"post_tag","embeddable":true,"href":"https:\/\/diarioregionaldigital.com.br\/index.php?rest_route=%2Fwp%2Fv2%2Ftags&post=161036"}],"curies":[{"name":"wp","href":"https:\/\/api.w.org\/{rel}","templated":true}]}}