{"id":161033,"date":"2020-05-26T15:14:39","date_gmt":"2020-05-26T18:14:39","guid":{"rendered":"https:\/\/diarioregionaldigital.com.br\/?p=161033"},"modified":"2020-05-26T15:14:39","modified_gmt":"2020-05-26T18:14:39","slug":"atividades-presenciais-da-ufjf-podem-ser-suspensas-ate-dia-30-de-junho","status":"publish","type":"post","link":"https:\/\/diarioregionaldigital.com.br\/?p=161033","title":{"rendered":"Atividades presenciais da UFJF podem ser suspensas at\u00e9 dia 30 de junho"},"content":{"rendered":"<p><span style=\"font-weight: 400;\">O Comit\u00ea de Monitoramento e Orienta\u00e7\u00e3o de Condutas sobre o Novo Coronav\u00edrus (SarsCov-2) da Universidade Federal de Juiz de Fora (UFJF), fez uma recomenda\u00e7\u00e3o para que todas as atividades presenciais e administrativas dos campi de Juiz de Fora e Governador Valadares, sejam suspensas at\u00e9 o dia 30 de junho em decorr\u00eancia do aumento de casos confirmados de Coronav\u00edrus. No dia 28 de abril deste ano, o comit\u00ea havia emitido uma nota anunciando a suspens\u00e3o das atividades para o dia 30 deste m\u00eas.<\/span><\/p>\n<p><span style=\"font-weight: 400;\">Diante do cen\u00e1rio atual tanto no estado de Minas Gerais, quanto em Juiz de Fora e Governador Valadares, o comit\u00ea analisou a situa\u00e7\u00e3o geral e leva em considera\u00e7\u00e3o as notas t\u00e9cnicas elaboradas por grupos e n\u00facleos de pesquisa da UFJF, o qual aponta que o isolamento social \u00e9 a melhor alternativa para o enfrentamento ao Coronav\u00edrus.<\/span><\/p>\n<p><span style=\"font-weight: 400;\">Em comunicado, o Comit\u00ea afirma que o prazo ou a suspens\u00e3o das atividades presenciais e administrativas podem ser alterados a qualquer momento, al\u00e9m da avalia\u00e7\u00e3o do cen\u00e1rio atual da epidemia:<\/span><\/p>\n<p><i><span style=\"font-weight: 400;\">O Comit\u00ea de Monitoramento e Orienta\u00e7\u00e3o de Condutas sobre o novo Coranavirus (SarsCov-2) da UFJF reuniu-se \u00e0s 9 horas do dia 26 de maio de 2020 para proceder \u00e0 avalia\u00e7\u00e3o da tend\u00eancia da epidemia e orientar a institui\u00e7\u00e3o sobre medidas a serem implementadas.<\/span><\/i><\/p>\n<p><i><span style=\"font-weight: 400;\">Considerando que:<\/span><\/i><\/p>\n<p><i><span style=\"font-weight: 400;\">1 \u2013 a Organiza\u00e7\u00e3o Mundial da Sa\u00fade (OMS), diante de um cen\u00e1rio internacional de expans\u00e3o da doen\u00e7a por diversos continentes, declarou pandemia de Covid-19;<\/span><\/i><\/p>\n<p><i><span style=\"font-weight: 400;\">2 \u2013 o Governo do Estado de Minas Gerais teve sua situa\u00e7\u00e3o de emerg\u00eancia decretada, e apresentou uma proposta de retomada que exige avalia\u00e7\u00f5es cuidadosas;<\/span><\/i><\/p>\n<p><i><span style=\"font-weight: 400;\">3 \u2013 os dados presentes nos boletins epidemiol\u00f3gicos, analisados por este comit\u00ea quinzenalmente, sobre a situa\u00e7\u00e3o dos munic\u00edpios de Juiz de Fora e Governador Valadares apontam ainda para o distanciamento social como medida necess\u00e1ria, conforme os boletins epidemiol\u00f3gicos da Prefeitura de Juiz de Fora (PJF) e Prefeitura de Governador Valadares;<\/span><\/i><\/p>\n<p><i><span style=\"font-weight: 400;\">4 \u2013 o estudo realizado e apresentado por meio das notas t\u00e9cnicas aponta que seja considerado o distanciamento social como medida necess\u00e1ria para o enfrentamento da epidemia;<\/span><\/i><\/p>\n<p><i><span style=\"font-weight: 400;\">Este comit\u00ea recomenda \u00e0 UFJF que:<\/span><\/i><\/p>\n<p><i><span style=\"font-weight: 400;\">Intensifique dentro das possibilidades acad\u00eamicas, jur\u00eddicas e financeiras a parceria entre a UFJF e os munic\u00edpios de Juiz de Fora e Governador Valadares, no sentido de viabilizar as a\u00e7\u00f5es que possibilitem o enfrentamento da COVID-19, tais como: participa\u00e7\u00e3o em comit\u00eas de assessoramento, produ\u00e7\u00e3o e doa\u00e7\u00e3o de insumos, realiza\u00e7\u00e3o de pesquisas; capacita\u00e7\u00e3o e treinamento de equipes; produ\u00e7\u00e3o de material educativos, realiza\u00e7\u00e3o de testes diagn\u00f3sticos;<\/span><\/i><\/p>\n<p><i><span style=\"font-weight: 400;\">Mantenha as medidas de distanciamento social, contribuindo com as a\u00e7\u00f5es municipais (Juiz de Fora e Governador Valadares) e estaduais de cuidado e preven\u00e7\u00e3o, no sentido de reduzir a exposi\u00e7\u00e3o de trabalhadores e estudantes da Universidade aos riscos de contamina\u00e7\u00e3o;<\/span><\/i><\/p>\n<p><i><span style=\"font-weight: 400;\">Permane\u00e7a com a suspens\u00e3o de suas atividades prevista na resolu\u00e7\u00e3o Consu n\u00ba 10\/2020 at\u00e9 o dia 30 de junho. A suspens\u00e3o ou o seu prazo poder\u00e3o ser alterados a qualquer tempo, ouvindo este Comit\u00ea de Monitoramento e Orienta\u00e7\u00f5es de Conduta sobre o Coronav\u00edrus, que tomar\u00e1 como refer\u00eancia a tend\u00eancia da epidemia e as estrat\u00e9gias adotadas que reduzem o impacto na morbidade e mortalidades;<\/span><\/i><\/p>\n<p><i><span style=\"font-weight: 400;\">Por meio da Comiss\u00e3o de Coordena\u00e7\u00e3o das A\u00e7\u00f5es de enfrentamento do covid19, portaria SEI n.428\/2020, possa autorizar atividades presenciais, se as mesmas estiverem relacionadas ao enfrentamento da pandemia. Para tanto, devem ser respeitadas e asseguradas as condi\u00e7\u00f5es de seguran\u00e7a necess\u00e1rias aos envolvidos (Docentes, T\u00e9cnicos e Discentes), como evitar aglomera\u00e7\u00f5es, respeitar a dist\u00e2ncia entre as pessoas e fornecimento de equipamentos de prote\u00e7\u00e3o individual em tipo e n\u00famero adequados ao risco.<\/span><\/i><\/p>\n<p><i><span style=\"font-weight: 400;\">Este comit\u00ea permanece em reuni\u00e3o quinzenal e est\u00e1 atento \u00e0 evolu\u00e7\u00e3o epidemiol\u00f3gica dos dois munic\u00edpios de Juiz de Fora e Governador Valadares, podendo se reunir extraordinariamente e rever sua decis\u00e3o de acordo com poss\u00edveis mudan\u00e7as no quadro da pandemia.\u201d<\/span><\/i><\/p>\n","protected":false},"excerpt":{"rendered":"<p>O Comit\u00ea de Monitoramento e Orienta\u00e7\u00e3o de Condutas sobre o Novo Coronav\u00edrus (SarsCov-2) da Universidade Federal de Juiz de Fora (UFJF), fez uma recomenda\u00e7\u00e3o para que todas as atividades presenciais e administrativas dos campi de Juiz de Fora e Governador Valadares, sejam suspensas at\u00e9 o dia 30 de junho em decorr\u00eancia do aumento de casos [&hellip;]<\/p>\n","protected":false},"author":96,"featured_media":161034,"comment_status":"closed","ping_status":"closed","sticky":false,"template":"","format":"standard","meta":{"footnotes":""},"categories":[253,436,440,439],"tags":[],"class_list":["post-161033","post","type-post","status-publish","format-standard","has-post-thumbnail","hentry","category-cidade","category-destaque-da-semana","category-destaques-do-dia","category-ultima-hora"],"_links":{"self":[{"href":"https:\/\/diarioregionaldigital.com.br\/index.php?rest_route=\/wp\/v2\/posts\/161033","targetHints":{"allow":["GET"]}}],"collection":[{"href":"https:\/\/diarioregionaldigital.com.br\/index.php?rest_route=\/wp\/v2\/posts"}],"about":[{"href":"https:\/\/diarioregionaldigital.com.br\/index.php?rest_route=\/wp\/v2\/types\/post"}],"author":[{"embeddable":true,"href":"https:\/\/diarioregionaldigital.com.br\/index.php?rest_route=\/wp\/v2\/users\/96"}],"replies":[{"embeddable":true,"href":"https:\/\/diarioregionaldigital.com.br\/index.php?rest_route=%2Fwp%2Fv2%2Fcomments&post=161033"}],"version-history":[{"count":0,"href":"https:\/\/diarioregionaldigital.com.br\/index.php?rest_route=\/wp\/v2\/posts\/161033\/revisions"}],"wp:featuredmedia":[{"embeddable":true,"href":"https:\/\/diarioregionaldigital.com.br\/index.php?rest_route=\/wp\/v2\/media\/161034"}],"wp:attachment":[{"href":"https:\/\/diarioregionaldigital.com.br\/index.php?rest_route=%2Fwp%2Fv2%2Fmedia&parent=161033"}],"wp:term":[{"taxonomy":"category","embeddable":true,"href":"https:\/\/diarioregionaldigital.com.br\/index.php?rest_route=%2Fwp%2Fv2%2Fcategories&post=161033"},{"taxonomy":"post_tag","embeddable":true,"href":"https:\/\/diarioregionaldigital.com.br\/index.php?rest_route=%2Fwp%2Fv2%2Ftags&post=161033"}],"curies":[{"name":"wp","href":"https:\/\/api.w.org\/{rel}","templated":true}]}}