{"id":161027,"date":"2020-05-26T14:49:57","date_gmt":"2020-05-26T17:49:57","guid":{"rendered":"https:\/\/diarioregionaldigital.com.br\/?p=161027"},"modified":"2020-05-26T14:49:57","modified_gmt":"2020-05-26T17:49:57","slug":"ferj-cria-comissao-para-protocolar-retorno-do-campeonato-carioca","status":"publish","type":"post","link":"https:\/\/diarioregionaldigital.com.br\/?p=161027","title":{"rendered":"Ferj cria comiss\u00e3o para protocolar retorno do Campeonato Carioca"},"content":{"rendered":"<p><span style=\"font-weight: 400;\">Com grupo formado por m\u00e9dicos do Bangu, Flamengo e Vasco, a Federa\u00e7\u00e3o do Futebol do Rio de Janeiro (FERJ) cria uma Comiss\u00e3o Especial de Sa\u00fade para protocolar a volta do Campeonato Carioca. <\/span><span style=\"font-weight: 400;\">A ideia \u00e9 juntar dados referentes ao Coronav\u00edrus, colhidos nos clubes cariocas, al\u00e9m de informa\u00e7\u00f5es de experi\u00eancias internacionais de clubes do exterior, que j\u00e1 voltaram a jogar. A partir da\u00ed formular um protocolo detalhado para a volta dos jogos no Rio de janeiro.<\/span><\/p>\n<p><span style=\"font-weight: 400;\">Ap\u00f3s a cria\u00e7\u00e3o, o protocolo ser\u00e1 submetido \u00e0 an\u00e1lise e debate com m\u00e9dicos dos clubes cariocas, em reuni\u00f5es nesta quarta (27) e quinta (28).<\/span><\/p>\n<p><span style=\"font-weight: 400;\">Segundo o coordenador m\u00e9dico do Vasco, Marcos Teixeira, todo o protocolo levar\u00e1 em conta a quest\u00e3o da seguran\u00e7a dos envolvidos e tamb\u00e9m sobre como os jogos ser\u00e3o realizados:<\/span><\/p>\n<p><span style=\"font-weight: 400;\">\u201cVamos desenvolver um protocolo de seguran\u00e7a para que, quando houver a libera\u00e7\u00e3o das autoridades competentes, n\u00f3s possamos realizar os jogos do Campeonato Carioca. Levando em considera\u00e7\u00e3o que ser\u00e3o jogos sem p\u00fablicos, com quantidade reduzida de funcion\u00e1rios, staff, al\u00e9m de medidas de prote\u00e7\u00e3o individual, controle mais rigoroso de acesso e testagem das pessoas envolvidas. Vamos compilar toda essa experi\u00eancia e literatura e vamos avaliar e propor esse novo protocolo.<\/span><\/p>\n","protected":false},"excerpt":{"rendered":"<p>Com grupo formado por m\u00e9dicos do Bangu, Flamengo e Vasco, a Federa\u00e7\u00e3o do Futebol do Rio de Janeiro (FERJ) cria uma Comiss\u00e3o Especial de Sa\u00fade para protocolar a volta do Campeonato Carioca. A ideia \u00e9 juntar dados referentes ao Coronav\u00edrus, colhidos nos clubes cariocas, al\u00e9m de informa\u00e7\u00f5es de experi\u00eancias internacionais de clubes do exterior, que [&hellip;]<\/p>\n","protected":false},"author":96,"featured_media":161028,"comment_status":"closed","ping_status":"closed","sticky":false,"template":"","format":"standard","meta":{"footnotes":""},"categories":[436,257,439],"tags":[],"class_list":["post-161027","post","type-post","status-publish","format-standard","has-post-thumbnail","hentry","category-destaque-da-semana","category-esporte","category-ultima-hora"],"_links":{"self":[{"href":"https:\/\/diarioregionaldigital.com.br\/index.php?rest_route=\/wp\/v2\/posts\/161027","targetHints":{"allow":["GET"]}}],"collection":[{"href":"https:\/\/diarioregionaldigital.com.br\/index.php?rest_route=\/wp\/v2\/posts"}],"about":[{"href":"https:\/\/diarioregionaldigital.com.br\/index.php?rest_route=\/wp\/v2\/types\/post"}],"author":[{"embeddable":true,"href":"https:\/\/diarioregionaldigital.com.br\/index.php?rest_route=\/wp\/v2\/users\/96"}],"replies":[{"embeddable":true,"href":"https:\/\/diarioregionaldigital.com.br\/index.php?rest_route=%2Fwp%2Fv2%2Fcomments&post=161027"}],"version-history":[{"count":0,"href":"https:\/\/diarioregionaldigital.com.br\/index.php?rest_route=\/wp\/v2\/posts\/161027\/revisions"}],"wp:featuredmedia":[{"embeddable":true,"href":"https:\/\/diarioregionaldigital.com.br\/index.php?rest_route=\/wp\/v2\/media\/161028"}],"wp:attachment":[{"href":"https:\/\/diarioregionaldigital.com.br\/index.php?rest_route=%2Fwp%2Fv2%2Fmedia&parent=161027"}],"wp:term":[{"taxonomy":"category","embeddable":true,"href":"https:\/\/diarioregionaldigital.com.br\/index.php?rest_route=%2Fwp%2Fv2%2Fcategories&post=161027"},{"taxonomy":"post_tag","embeddable":true,"href":"https:\/\/diarioregionaldigital.com.br\/index.php?rest_route=%2Fwp%2Fv2%2Ftags&post=161027"}],"curies":[{"name":"wp","href":"https:\/\/api.w.org\/{rel}","templated":true}]}}