{"id":161024,"date":"2020-05-26T14:26:15","date_gmt":"2020-05-26T17:26:15","guid":{"rendered":"https:\/\/diarioregionaldigital.com.br\/?p=161024"},"modified":"2020-05-26T14:26:15","modified_gmt":"2020-05-26T17:26:15","slug":"pm-prende-dois-ocupantes-de-motocicleta-por-porte-ilegal-de-arma-de-fogo","status":"publish","type":"post","link":"https:\/\/diarioregionaldigital.com.br\/?p=161024","title":{"rendered":"PM prende dois ocupantes de motocicleta por porte ilegal de arma de fogo"},"content":{"rendered":"<p>Dois ocupantes de uma motocicleta transitavam pela Rua S\u00e3o Mateus, quando em um determinado momento perceberam uma fiscaliza\u00e7\u00e3o da Pol\u00edcia Militar (PM) na mesma rua e diante disso, estacionaram alguns metros antes. Logo em seguida os policiais notaram comportamento suspeito dos autores e logo em seguida realizaram abordagem. Ap\u00f3s buscas pessoais, foi encontrado um rev\u00f3lver calibre 22 com duas muni\u00e7\u00f5es intactas, armazenado na cintura de um dos autores. O propriet\u00e1rio da arma foi\u00a0preso em flagrante e conduzido para a Delegacia. A arma e a motocicleta foram apreendidas.<\/p>\n","protected":false},"excerpt":{"rendered":"<p>Dois ocupantes de uma motocicleta transitavam pela Rua S\u00e3o Mateus, quando em um determinado momento perceberam uma fiscaliza\u00e7\u00e3o da Pol\u00edcia Militar (PM) na mesma rua e diante disso, estacionaram alguns metros antes. Logo em seguida os policiais notaram comportamento suspeito dos autores e logo em seguida realizaram abordagem. Ap\u00f3s buscas pessoais, foi encontrado um rev\u00f3lver [&hellip;]<\/p>\n","protected":false},"author":96,"featured_media":97342,"comment_status":"closed","ping_status":"closed","sticky":false,"template":"","format":"standard","meta":{"footnotes":""},"categories":[301,436,439],"tags":[],"class_list":["post-161024","post","type-post","status-publish","format-standard","has-post-thumbnail","hentry","category-artigos-policiais","category-destaque-da-semana","category-ultima-hora"],"_links":{"self":[{"href":"https:\/\/diarioregionaldigital.com.br\/index.php?rest_route=\/wp\/v2\/posts\/161024","targetHints":{"allow":["GET"]}}],"collection":[{"href":"https:\/\/diarioregionaldigital.com.br\/index.php?rest_route=\/wp\/v2\/posts"}],"about":[{"href":"https:\/\/diarioregionaldigital.com.br\/index.php?rest_route=\/wp\/v2\/types\/post"}],"author":[{"embeddable":true,"href":"https:\/\/diarioregionaldigital.com.br\/index.php?rest_route=\/wp\/v2\/users\/96"}],"replies":[{"embeddable":true,"href":"https:\/\/diarioregionaldigital.com.br\/index.php?rest_route=%2Fwp%2Fv2%2Fcomments&post=161024"}],"version-history":[{"count":0,"href":"https:\/\/diarioregionaldigital.com.br\/index.php?rest_route=\/wp\/v2\/posts\/161024\/revisions"}],"wp:featuredmedia":[{"embeddable":true,"href":"https:\/\/diarioregionaldigital.com.br\/index.php?rest_route=\/wp\/v2\/media\/97342"}],"wp:attachment":[{"href":"https:\/\/diarioregionaldigital.com.br\/index.php?rest_route=%2Fwp%2Fv2%2Fmedia&parent=161024"}],"wp:term":[{"taxonomy":"category","embeddable":true,"href":"https:\/\/diarioregionaldigital.com.br\/index.php?rest_route=%2Fwp%2Fv2%2Fcategories&post=161024"},{"taxonomy":"post_tag","embeddable":true,"href":"https:\/\/diarioregionaldigital.com.br\/index.php?rest_route=%2Fwp%2Fv2%2Ftags&post=161024"}],"curies":[{"name":"wp","href":"https:\/\/api.w.org\/{rel}","templated":true}]}}