{"id":161022,"date":"2020-05-26T14:16:47","date_gmt":"2020-05-26T17:16:47","guid":{"rendered":"https:\/\/diarioregionaldigital.com.br\/?p=161022"},"modified":"2020-05-26T14:16:47","modified_gmt":"2020-05-26T17:16:47","slug":"vitima-e-hospitalizada-apos-levar-tiros-na-cabeca","status":"publish","type":"post","link":"https:\/\/diarioregionaldigital.com.br\/?p=161022","title":{"rendered":"V\u00edtima \u00e9 hospitalizada ap\u00f3s levar tiros na cabe\u00e7a"},"content":{"rendered":"<p><span style=\"font-weight: 400;\">Um homem de 38 anos, foi levado \u00e0s pressas ao Hospital Pronto Socorro (HPS), ap\u00f3s ser atingido na cabe\u00e7a por tiros de arma de fogo, ato ocorrido no Bairro Vila Esperan\u00e7a (Regi\u00e3o Noroeste), na manh\u00e3 de segunda-feira (25) em Juiz de Fora. Em relatos \u00e0 Pol\u00edcia Militar (PM), a v\u00edtima conta que estava sentada com dois amigos, quando em um determinado momento o autor apareceu no local e efetuou quatro disparos, atingindo a v\u00edtima na cabe\u00e7a. Segundo a v\u00edtima, o suspeito tem 1,80 de altura, trajando roupa preta e estava todo encapuzado.<\/span><\/p>\n<p><span style=\"font-weight: 400;\">O homem n\u00e3o soube dizer qual foi o real motivo do ato, mas acredita ter rela\u00e7\u00e3o com briga de bairro. Logo em seguida a v\u00edtima foi socorrida pelo SAMU e encaminhada para o HPS. A m\u00e9dica relatou \u00e0 PM que havia quatro proj\u00e9teis alojados na cabe\u00e7a da v\u00edtima, uma alojada na regi\u00e3o do dorso e uma outra no cotovelo.\u00a0<\/span><\/p>\n<p><span style=\"font-weight: 400;\">Com informa\u00e7\u00f5es em m\u00e3os a PM iniciou o trabalho de rastreamento, mas at\u00e9 ent\u00e3o o infrator n\u00e3o foi localizado.<\/span><\/p>\n","protected":false},"excerpt":{"rendered":"<p>Um homem de 38 anos, foi levado \u00e0s pressas ao Hospital Pronto Socorro (HPS), ap\u00f3s ser atingido na cabe\u00e7a por tiros de arma de fogo, ato ocorrido no Bairro Vila Esperan\u00e7a (Regi\u00e3o Noroeste), na manh\u00e3 de segunda-feira (25) em Juiz de Fora. Em relatos \u00e0 Pol\u00edcia Militar (PM), a v\u00edtima conta que estava sentada com [&hellip;]<\/p>\n","protected":false},"author":96,"featured_media":97342,"comment_status":"closed","ping_status":"closed","sticky":false,"template":"","format":"standard","meta":{"footnotes":""},"categories":[301,436,439],"tags":[],"class_list":["post-161022","post","type-post","status-publish","format-standard","has-post-thumbnail","hentry","category-artigos-policiais","category-destaque-da-semana","category-ultima-hora"],"_links":{"self":[{"href":"https:\/\/diarioregionaldigital.com.br\/index.php?rest_route=\/wp\/v2\/posts\/161022","targetHints":{"allow":["GET"]}}],"collection":[{"href":"https:\/\/diarioregionaldigital.com.br\/index.php?rest_route=\/wp\/v2\/posts"}],"about":[{"href":"https:\/\/diarioregionaldigital.com.br\/index.php?rest_route=\/wp\/v2\/types\/post"}],"author":[{"embeddable":true,"href":"https:\/\/diarioregionaldigital.com.br\/index.php?rest_route=\/wp\/v2\/users\/96"}],"replies":[{"embeddable":true,"href":"https:\/\/diarioregionaldigital.com.br\/index.php?rest_route=%2Fwp%2Fv2%2Fcomments&post=161022"}],"version-history":[{"count":0,"href":"https:\/\/diarioregionaldigital.com.br\/index.php?rest_route=\/wp\/v2\/posts\/161022\/revisions"}],"wp:featuredmedia":[{"embeddable":true,"href":"https:\/\/diarioregionaldigital.com.br\/index.php?rest_route=\/wp\/v2\/media\/97342"}],"wp:attachment":[{"href":"https:\/\/diarioregionaldigital.com.br\/index.php?rest_route=%2Fwp%2Fv2%2Fmedia&parent=161022"}],"wp:term":[{"taxonomy":"category","embeddable":true,"href":"https:\/\/diarioregionaldigital.com.br\/index.php?rest_route=%2Fwp%2Fv2%2Fcategories&post=161022"},{"taxonomy":"post_tag","embeddable":true,"href":"https:\/\/diarioregionaldigital.com.br\/index.php?rest_route=%2Fwp%2Fv2%2Ftags&post=161022"}],"curies":[{"name":"wp","href":"https:\/\/api.w.org\/{rel}","templated":true}]}}