{"id":161019,"date":"2020-05-26T14:01:54","date_gmt":"2020-05-26T17:01:54","guid":{"rendered":"https:\/\/diarioregionaldigital.com.br\/?p=161019"},"modified":"2020-05-26T14:36:01","modified_gmt":"2020-05-26T17:36:01","slug":"homem-tenta-vender-arma-de-fogo-em-estacionamento-de-supermercado","status":"publish","type":"post","link":"https:\/\/diarioregionaldigital.com.br\/?p=161019","title":{"rendered":"Homem tenta vender arma de fogo em estacionamento de supermercado"},"content":{"rendered":"<p><span style=\"font-weight: 400;\">A Pol\u00edcia Militar (PM) realizava um patrulhamento pelo Bairro Furtado de Menezes (Regi\u00e3o Leste), quando recebeu den\u00fancia de populares sobre dois autom\u00f3veis e tr\u00eas indiv\u00edduos em atitude suspeita, em um estacionamento de supermercado.<\/span><\/p>\n<p><span style=\"font-weight: 400;\">Com informa\u00e7\u00f5es em m\u00e3os, os policiais foram at\u00e9 o local e se depararam com os tr\u00eas suspeitos, dois homens de 35 e 38 anos e um jovem de 21, dentro do ve\u00edculo descrito na den\u00fancia. Instantes depois os policiais pediram para que os envolvidos sa\u00edssem do ve\u00edculo e iniciaram rastreamento, no entanto, nada de il\u00edcito foi encontrado. Logo em seguida, realizaram buscas no outro ve\u00edculo descrito e foram encontrados uma pistola calibre 9mm e um carregador vazio, escondidos debaixo do console.<\/span><\/p>\n<p><span style=\"font-weight: 400;\">O dono do ve\u00edculo em que os materiais foram encontrados, foi questionado pelos policiais e o mesmo relatou que ele e seu comparsa ganhariam R$100 se levassem o jovem de 21 anos, que estava com eles, para vender a referida arma no estacionamento do supermercado.<\/span><\/p>\n<p><span style=\"font-weight: 400;\">Dando sequ\u00eancia \u00e0s dilig\u00eancias, a PM se deslocou at\u00e9 a resid\u00eancia de um dos autores e ao chegar no local, a esposa do autor percebeu a chegada da guarni\u00e7\u00e3o, correu para dentro do im\u00f3vel e jogou duas armas de fogo pela janela, que posteriormente seriam encontradas no telhado da casa do vizinho.<\/span><\/p>\n<p><span style=\"font-weight: 400;\">Ao ser questionada sobre o ato, a infratora afirmou ter se livrado de tais materiais mas n\u00e3o informou sobre o verdadeiro dono. Ap\u00f3s o ato, os policiais iniciaram varredura pelo local e encontraram os materiais arremessados pela autora: uma pistola calibre 9mm com seletor de rajada, podendo ser transformada em submetralhadora, um carregador com 31 muni\u00e7\u00f5es 9mm e um carregador com 4 muni\u00e7\u00f5es do mesmo calibre, um rev\u00f3lver calibre 38 e uma embalagem de pl\u00e1stico contendo 5 muni\u00e7\u00f5es calibre 38 intactas.<\/span><\/p>\n<p><span style=\"font-weight: 400;\">Diante dos fatos os quatro autores, incluindo a esposa de um deles, foram presos em flagrante delito e encaminhados para a Delegacia, junto com os materiais apreendidos, para devidas provid\u00eancias. Os ve\u00edculos descritos na den\u00fancia foram removidos pelo reboque.<\/span><\/p>\n","protected":false},"excerpt":{"rendered":"<p>A Pol\u00edcia Militar (PM) realizava um patrulhamento pelo Bairro Furtado de Menezes (Regi\u00e3o Leste), quando recebeu den\u00fancia de populares sobre dois autom\u00f3veis e tr\u00eas indiv\u00edduos em atitude suspeita, em um estacionamento de supermercado. Com informa\u00e7\u00f5es em m\u00e3os, os policiais foram at\u00e9 o local e se depararam com os tr\u00eas suspeitos, dois homens de 35 e [&hellip;]<\/p>\n","protected":false},"author":96,"featured_media":161020,"comment_status":"closed","ping_status":"closed","sticky":false,"template":"","format":"standard","meta":{"footnotes":""},"categories":[301,436,439],"tags":[],"class_list":["post-161019","post","type-post","status-publish","format-standard","has-post-thumbnail","hentry","category-artigos-policiais","category-destaque-da-semana","category-ultima-hora"],"_links":{"self":[{"href":"https:\/\/diarioregionaldigital.com.br\/index.php?rest_route=\/wp\/v2\/posts\/161019","targetHints":{"allow":["GET"]}}],"collection":[{"href":"https:\/\/diarioregionaldigital.com.br\/index.php?rest_route=\/wp\/v2\/posts"}],"about":[{"href":"https:\/\/diarioregionaldigital.com.br\/index.php?rest_route=\/wp\/v2\/types\/post"}],"author":[{"embeddable":true,"href":"https:\/\/diarioregionaldigital.com.br\/index.php?rest_route=\/wp\/v2\/users\/96"}],"replies":[{"embeddable":true,"href":"https:\/\/diarioregionaldigital.com.br\/index.php?rest_route=%2Fwp%2Fv2%2Fcomments&post=161019"}],"version-history":[{"count":0,"href":"https:\/\/diarioregionaldigital.com.br\/index.php?rest_route=\/wp\/v2\/posts\/161019\/revisions"}],"wp:featuredmedia":[{"embeddable":true,"href":"https:\/\/diarioregionaldigital.com.br\/index.php?rest_route=\/wp\/v2\/media\/161020"}],"wp:attachment":[{"href":"https:\/\/diarioregionaldigital.com.br\/index.php?rest_route=%2Fwp%2Fv2%2Fmedia&parent=161019"}],"wp:term":[{"taxonomy":"category","embeddable":true,"href":"https:\/\/diarioregionaldigital.com.br\/index.php?rest_route=%2Fwp%2Fv2%2Fcategories&post=161019"},{"taxonomy":"post_tag","embeddable":true,"href":"https:\/\/diarioregionaldigital.com.br\/index.php?rest_route=%2Fwp%2Fv2%2Ftags&post=161019"}],"curies":[{"name":"wp","href":"https:\/\/api.w.org\/{rel}","templated":true}]}}