{"id":161016,"date":"2020-05-26T11:10:34","date_gmt":"2020-05-26T14:10:34","guid":{"rendered":"https:\/\/diarioregionaldigital.com.br\/?p=161016"},"modified":"2020-05-26T11:10:34","modified_gmt":"2020-05-26T14:10:34","slug":"cafe-mineiro-vai-contar-com-maior-volume-de-recursos-da-historia-do-bdmg-para-o-setor","status":"publish","type":"post","link":"https:\/\/diarioregionaldigital.com.br\/?p=161016","title":{"rendered":"Caf\u00e9 mineiro vai contar com maior volume de recursos da hist\u00f3ria do BDMG para o setor"},"content":{"rendered":"<p><span style=\"font-weight: 400;\">O Banco de Desenvolvimento de Minas Gerais (BDMG) vai operar o maior recurso de sua hist\u00f3ria voltado para o cr\u00e9dito ao setor cafeeiro: R$ 392 milh\u00f5es na safra 2020\/2021, um aumento de 55% em rela\u00e7\u00e3o \u00e0 safra anterior. Os valores foram disponibilizados pelo Minist\u00e9rio da Agricultura, por meio do Funcaf\u00e9 (Fundo de Defesa da Economia Cafeeira). Trata-se do terceiro maior or\u00e7amento do fundo no Brasil, atr\u00e1s apenas de bancos com atua\u00e7\u00e3o nacional.<\/span><\/p>\n<p><span style=\"font-weight: 400;\">Na safra 2018\/2019, o BDMG desembolsou R$ 253 milh\u00f5es, ou 99,5% dos recursos disponibilizados pelo Funcaf\u00e9, beneficiando cerca de 2,6 mil produtores. \u201cComo banco de desenvolvimento, o papel do BDMG torna-se ainda mais imprescind\u00edvel no contexto dos desafios socioecon\u00f4micos causados pela pandemia de covid-19. Estamos focados em uma atua\u00e7\u00e3o antic\u00edclica para fornecer mais cr\u00e9dito aos setores estrat\u00e9gicos da economia, como as cooperativas e pequenos produtores da cadeia do caf\u00e9\u201d, afirma o presidente do banco, Sergio Gusm\u00e3o.<\/span><\/p>\n<p><span style=\"font-weight: 400;\">Por meio do Funcaf\u00e9, o BDMG disponibiliza tr\u00eas linhas de cr\u00e9dito. A primeira, Funcaf\u00e9 Comercializa\u00e7\u00e3o, \u00e9 voltada para cooperativas de produ\u00e7\u00e3o, com prazo de 12 meses de pagamento. A segunda linha \u00e9 a FAC (Financiamento \u00e0 Aquisi\u00e7\u00e3o de Caf\u00e9), tamb\u00e9m com prazo de 12 meses, destinada aos comercializadores e exportadoras, ind\u00fastrias torrefadoras e de caf\u00e9 sol\u00favel, al\u00e9m de cooperativas. J\u00e1 a terceira linha \u00e9 focada no financiamento de capital de giro para cooperativas de produ\u00e7\u00e3o e para a ind\u00fastria de caf\u00e9 sol\u00favel e de torrefa\u00e7\u00e3o, com prazo de 24 meses para pagamento.<\/span><\/p>\n<p><b>Setor agro<\/b><\/p>\n<p><span style=\"font-weight: 400;\">De janeiro a abril deste ano, o BDMG acumula desembolsos de R$ 210 milh\u00f5es para o setor agropecu\u00e1rio de Minas Gerais, como um todo. O valor \u00e9 68% superior ao destinado no mesmo per\u00edodo do ano passado. Al\u00e9m do Funcaf\u00e9, os financiamentos do BDMG s\u00e3o realizados por meio de recursos do BNDES e de Letras de Cr\u00e9dito do Agroneg\u00f3cio (LCA).<\/span><\/p>\n<p><b>Caf\u00e9<\/b><\/p>\n<p><span style=\"font-weight: 400;\">A economia cafeeira de Minas Gerais \u00e9 a principal do pa\u00eds e uma das maiores do mundo. O estado responde por pouco mais da metade da produ\u00e7\u00e3o nacional. Segundo an\u00e1lises recentes da Companhia Nacional de Abastecimento (Conab), a estimativa para este ano, em Minas, \u00e9 de produ\u00e7\u00e3o variando entre 30,7 milh\u00f5es de sacas e 32,1 milh\u00f5es de sacas de caf\u00e9, 25% a 30% superior em rela\u00e7\u00e3o \u00e0 temporada anterior. Esta alta se deve \u00e0 bienalidade positiva da cultura e ao aumento na \u00e1rea de cultivo, de 983 mil hectares para mais de 1 milh\u00e3o de hectares neste ano.<\/span><\/p>\n<p>&nbsp;<\/p>\n<p><strong>Fonte:\u00a0<\/strong>Ag\u00eancia Minas<\/p>\n","protected":false},"excerpt":{"rendered":"<p>O Banco de Desenvolvimento de Minas Gerais (BDMG) vai operar o maior recurso de sua hist\u00f3ria voltado para o cr\u00e9dito ao setor cafeeiro: R$ 392 milh\u00f5es na safra 2020\/2021, um aumento de 55% em rela\u00e7\u00e3o \u00e0 safra anterior. Os valores foram disponibilizados pelo Minist\u00e9rio da Agricultura, por meio do Funcaf\u00e9 (Fundo de Defesa da Economia [&hellip;]<\/p>\n","protected":false},"author":96,"featured_media":161017,"comment_status":"closed","ping_status":"closed","sticky":false,"template":"","format":"standard","meta":{"footnotes":""},"categories":[436,261,439],"tags":[],"class_list":["post-161016","post","type-post","status-publish","format-standard","has-post-thumbnail","hentry","category-destaque-da-semana","category-economia","category-ultima-hora"],"_links":{"self":[{"href":"https:\/\/diarioregionaldigital.com.br\/index.php?rest_route=\/wp\/v2\/posts\/161016","targetHints":{"allow":["GET"]}}],"collection":[{"href":"https:\/\/diarioregionaldigital.com.br\/index.php?rest_route=\/wp\/v2\/posts"}],"about":[{"href":"https:\/\/diarioregionaldigital.com.br\/index.php?rest_route=\/wp\/v2\/types\/post"}],"author":[{"embeddable":true,"href":"https:\/\/diarioregionaldigital.com.br\/index.php?rest_route=\/wp\/v2\/users\/96"}],"replies":[{"embeddable":true,"href":"https:\/\/diarioregionaldigital.com.br\/index.php?rest_route=%2Fwp%2Fv2%2Fcomments&post=161016"}],"version-history":[{"count":0,"href":"https:\/\/diarioregionaldigital.com.br\/index.php?rest_route=\/wp\/v2\/posts\/161016\/revisions"}],"wp:featuredmedia":[{"embeddable":true,"href":"https:\/\/diarioregionaldigital.com.br\/index.php?rest_route=\/wp\/v2\/media\/161017"}],"wp:attachment":[{"href":"https:\/\/diarioregionaldigital.com.br\/index.php?rest_route=%2Fwp%2Fv2%2Fmedia&parent=161016"}],"wp:term":[{"taxonomy":"category","embeddable":true,"href":"https:\/\/diarioregionaldigital.com.br\/index.php?rest_route=%2Fwp%2Fv2%2Fcategories&post=161016"},{"taxonomy":"post_tag","embeddable":true,"href":"https:\/\/diarioregionaldigital.com.br\/index.php?rest_route=%2Fwp%2Fv2%2Ftags&post=161016"}],"curies":[{"name":"wp","href":"https:\/\/api.w.org\/{rel}","templated":true}]}}