{"id":161013,"date":"2020-05-26T11:07:01","date_gmt":"2020-05-26T14:07:01","guid":{"rendered":"https:\/\/diarioregionaldigital.com.br\/?p=161013"},"modified":"2020-05-26T11:07:01","modified_gmt":"2020-05-26T14:07:01","slug":"previa-da-inflacao-oficial-registra-queda-de-precos-de-059-em-maio","status":"publish","type":"post","link":"https:\/\/diarioregionaldigital.com.br\/?p=161013","title":{"rendered":"Pr\u00e9via da infla\u00e7\u00e3o oficial registra queda de pre\u00e7os de 0,59% em maio"},"content":{"rendered":"<p><span style=\"font-weight: 400;\">O \u00cdndice Nacional de Pre\u00e7os ao Consumidor Amplo 15 (IPCA-15), que mede a pr\u00e9via da infla\u00e7\u00e3o oficial, registrou defla\u00e7\u00e3o (queda de pre\u00e7os) de 0,59% neste m\u00eas de maio. A taxa \u00e9 menor do que a observada em abril deste ano (-0,01%) e em maio do ano passado (0,35%).<\/span><\/p>\n<p><span style=\"font-weight: 400;\">De acordo com o Instituto Brasileiro de Geografia e Estat\u00edstica (IBGE), essa \u00e9 a menor varia\u00e7\u00e3o mensal do IPCA-15 desde o in\u00edcio do Plano Real, em 1994. Com o resultado de maio, o IPCA-15 acumula taxas de infla\u00e7\u00e3o de 0,35% no ano e de 1,96% em 12 meses.<\/span><\/p>\n<p><span style=\"font-weight: 400;\">Dos nove grupos de produtos e servi\u00e7os pesquisados, cinco apresentaram defla\u00e7\u00e3o em maio. Os transportes registraram a maior queda de pre\u00e7os (-3,15%) e foram os principais respons\u00e1veis pelo resultado do IPCA-15 neste m\u00eas.<\/span><\/p>\n<p><span style=\"font-weight: 400;\">Os pre\u00e7os dos combust\u00edveis recuaram 8,54%, puxados pela gasolina (-8,51%). O etanol recuou 10,40%, o \u00f3leo diesel, 5,50% e o g\u00e1s veicular, 1,21%. Outros grupos com defla\u00e7\u00e3o foram habita\u00e7\u00e3o (-0,27%), vestu\u00e1rio (-0,20%), sa\u00fade e cuidados pessoais (-0,13%) e despesas pessoais (-0,09%).<\/span><\/p>\n<p><span style=\"font-weight: 400;\">Por outro lado, os alimentos e bebidas, com alta de pre\u00e7os de 0,46%, evitaram uma queda maior do IPCA-15. Entre os itens com maior infla\u00e7\u00e3o destacam-se a cebola (33,59%), a batata-inglesa (16,91%), o feij\u00e3o-carioca (13,62%), o alho (5,22%) e o arroz (2,59%). Outros grupos de despesa com infla\u00e7\u00e3o foram: artigos de resid\u00eancia (0,45%), educa\u00e7\u00e3o (0,01%) e comunica\u00e7\u00e3o (0,22%).<\/span><\/p>\n<p>&nbsp;<\/p>\n<p><strong>Fonte:<\/strong>\u00a0Ag\u00eancia Brasil<\/p>\n","protected":false},"excerpt":{"rendered":"<p>O \u00cdndice Nacional de Pre\u00e7os ao Consumidor Amplo 15 (IPCA-15), que mede a pr\u00e9via da infla\u00e7\u00e3o oficial, registrou defla\u00e7\u00e3o (queda de pre\u00e7os) de 0,59% neste m\u00eas de maio. A taxa \u00e9 menor do que a observada em abril deste ano (-0,01%) e em maio do ano passado (0,35%). De acordo com o Instituto Brasileiro de [&hellip;]<\/p>\n","protected":false},"author":96,"featured_media":161014,"comment_status":"closed","ping_status":"closed","sticky":false,"template":"","format":"standard","meta":{"footnotes":""},"categories":[436,261,439],"tags":[],"class_list":["post-161013","post","type-post","status-publish","format-standard","has-post-thumbnail","hentry","category-destaque-da-semana","category-economia","category-ultima-hora"],"_links":{"self":[{"href":"https:\/\/diarioregionaldigital.com.br\/index.php?rest_route=\/wp\/v2\/posts\/161013","targetHints":{"allow":["GET"]}}],"collection":[{"href":"https:\/\/diarioregionaldigital.com.br\/index.php?rest_route=\/wp\/v2\/posts"}],"about":[{"href":"https:\/\/diarioregionaldigital.com.br\/index.php?rest_route=\/wp\/v2\/types\/post"}],"author":[{"embeddable":true,"href":"https:\/\/diarioregionaldigital.com.br\/index.php?rest_route=\/wp\/v2\/users\/96"}],"replies":[{"embeddable":true,"href":"https:\/\/diarioregionaldigital.com.br\/index.php?rest_route=%2Fwp%2Fv2%2Fcomments&post=161013"}],"version-history":[{"count":0,"href":"https:\/\/diarioregionaldigital.com.br\/index.php?rest_route=\/wp\/v2\/posts\/161013\/revisions"}],"wp:featuredmedia":[{"embeddable":true,"href":"https:\/\/diarioregionaldigital.com.br\/index.php?rest_route=\/wp\/v2\/media\/161014"}],"wp:attachment":[{"href":"https:\/\/diarioregionaldigital.com.br\/index.php?rest_route=%2Fwp%2Fv2%2Fmedia&parent=161013"}],"wp:term":[{"taxonomy":"category","embeddable":true,"href":"https:\/\/diarioregionaldigital.com.br\/index.php?rest_route=%2Fwp%2Fv2%2Fcategories&post=161013"},{"taxonomy":"post_tag","embeddable":true,"href":"https:\/\/diarioregionaldigital.com.br\/index.php?rest_route=%2Fwp%2Fv2%2Ftags&post=161013"}],"curies":[{"name":"wp","href":"https:\/\/api.w.org\/{rel}","templated":true}]}}