{"id":161010,"date":"2020-05-26T11:00:03","date_gmt":"2020-05-26T14:00:03","guid":{"rendered":"https:\/\/diarioregionaldigital.com.br\/?p=161010"},"modified":"2020-05-26T11:00:03","modified_gmt":"2020-05-26T14:00:03","slug":"governo-libera-mais-r-29-bilhoes-para-despesas-com-coronavirus","status":"publish","type":"post","link":"https:\/\/diarioregionaldigital.com.br\/?p=161010","title":{"rendered":"Governo libera mais R$ 29 bilh\u00f5es para despesas com coronav\u00edrus"},"content":{"rendered":"<p><span style=\"font-weight: 400;\">O presidente Jair Bolsonaro editou na segunda-feira (25) uma medida provis\u00f3ria que libera R$ 29 bilh\u00f5es para os Minist\u00e9rios da Cidadania e da Sa\u00fade aplicarem em a\u00e7\u00f5es de enfrentamento ao coronav\u00edrus (MP 970\/2020). A mat\u00e9ria foi publicada no <\/span><i><span style=\"font-weight: 400;\">Di\u00e1rio Oficial da Uni\u00e3o<\/span><\/i><span style=\"font-weight: 400;\"> dessa ter\u00e7a-feira (26).<\/span><\/p>\n<p><span style=\"font-weight: 400;\">A maior parte do dinheiro fica com a Cidadania. A pasta deve aplicar R$ 28,72 bilh\u00f5es no pagamento do aux\u00edlio emergencial de prote\u00e7\u00e3o social a pessoas em situa\u00e7\u00e3o de vulnerabilidade.<\/span><\/p>\n<p><span style=\"font-weight: 400;\">O governo federal iniciou na semana passada o pagamento da segunda parcela do benef\u00edcio, que varia de R$ 600 a R$ 1,8 mil. De acordo com o Minist\u00e9rio da Cidadania, 55,9 milh\u00f5es de pessoas foram atendidas com repasses que somam R$ 65,5 bilh\u00f5es.<\/span><\/p>\n<p><span style=\"font-weight: 400;\">O cr\u00e9dito extraordin\u00e1rio aberto para a Sa\u00fade \u00e9 de R$ 338,2 milh\u00f5es. O dinheiro ser\u00e1 aplicado no pagamento de servidores ativos civis da Uni\u00e3o (R$ 320,1 milh\u00f5es) e de benef\u00edcios obrigat\u00f3rios aos servidores civis, empregados, militares e dependentes (R$ 18,1 milh\u00f5es).<\/span><\/p>\n<p><span style=\"font-weight: 400;\">De acordo com o texto, os R$ 29 bilh\u00f5es ser\u00e3o liberados a partir da contrata\u00e7\u00e3o de opera\u00e7\u00e3o de cr\u00e9dito interna. A medida \u00e9 prevista na Lei de Responsabilidade Fiscal (Lei Complementar 101, de 2000), desde que haja autoriza\u00e7\u00e3o pr\u00e9via na Lei Or\u00e7ament\u00e1ria.<\/span><\/p>\n<p><b>Total de gastos<\/b><\/p>\n<p><span style=\"font-weight: 400;\">Desde o in\u00edcio da pandemia, Jair Bolsonaro editou 21 medidas provis\u00f3rias que abrem cr\u00e9dito extraordin\u00e1rio para o enfrentamento da covid-19. Juntas, elas somam R$ 303,49 bilh\u00f5es. O portal Siga Brasil, mantido pelo Senado com base em informa\u00e7\u00f5es do Sistema Integrado de Administra\u00e7\u00e3o Financeira (Siafi), acompanha o empenho e o pagamento desses recursos.<\/span><\/p>\n<p><span style=\"font-weight: 400;\">O levantamento foi atualizado pela \u00faltima vez no dia 24 de maio \u2014 antes, portanto, da edi\u00e7\u00e3o da MP 970\/2020. At\u00e9 ent\u00e3o, o Pal\u00e1cio do Planalto havia anunciado R$ 274,44 bilh\u00f5es para o combate ao coronav\u00edrus. Do total de recursos, 72,6% haviam sido empenhados: s\u00e3o gastos que o governo federal se comprometeu a fazer, mas que ainda n\u00e3o foram integralmente pagos. O dinheiro efetivamente desembolsado pela Uni\u00e3o para o enfrentamento da covid-19 corresponde a 40,5% do total.<\/span><\/p>\n<p><span style=\"font-weight: 400;\">A medida provis\u00f3ria ser\u00e1 analisada agora pelo Congresso Nacional.<\/span><\/p>\n<p>&nbsp;<\/p>\n<p><strong>Fonte:<\/strong>\u00a0Ag\u00eancia Senado<\/p>\n","protected":false},"excerpt":{"rendered":"<p>O presidente Jair Bolsonaro editou na segunda-feira (25) uma medida provis\u00f3ria que libera R$ 29 bilh\u00f5es para os Minist\u00e9rios da Cidadania e da Sa\u00fade aplicarem em a\u00e7\u00f5es de enfrentamento ao coronav\u00edrus (MP 970\/2020). A mat\u00e9ria foi publicada no Di\u00e1rio Oficial da Uni\u00e3o dessa ter\u00e7a-feira (26). A maior parte do dinheiro fica com a Cidadania. A [&hellip;]<\/p>\n","protected":false},"author":96,"featured_media":161011,"comment_status":"closed","ping_status":"closed","sticky":false,"template":"","format":"standard","meta":{"footnotes":""},"categories":[436,440,254,439],"tags":[],"class_list":["post-161010","post","type-post","status-publish","format-standard","has-post-thumbnail","hentry","category-destaque-da-semana","category-destaques-do-dia","category-politica","category-ultima-hora"],"_links":{"self":[{"href":"https:\/\/diarioregionaldigital.com.br\/index.php?rest_route=\/wp\/v2\/posts\/161010","targetHints":{"allow":["GET"]}}],"collection":[{"href":"https:\/\/diarioregionaldigital.com.br\/index.php?rest_route=\/wp\/v2\/posts"}],"about":[{"href":"https:\/\/diarioregionaldigital.com.br\/index.php?rest_route=\/wp\/v2\/types\/post"}],"author":[{"embeddable":true,"href":"https:\/\/diarioregionaldigital.com.br\/index.php?rest_route=\/wp\/v2\/users\/96"}],"replies":[{"embeddable":true,"href":"https:\/\/diarioregionaldigital.com.br\/index.php?rest_route=%2Fwp%2Fv2%2Fcomments&post=161010"}],"version-history":[{"count":0,"href":"https:\/\/diarioregionaldigital.com.br\/index.php?rest_route=\/wp\/v2\/posts\/161010\/revisions"}],"wp:featuredmedia":[{"embeddable":true,"href":"https:\/\/diarioregionaldigital.com.br\/index.php?rest_route=\/wp\/v2\/media\/161011"}],"wp:attachment":[{"href":"https:\/\/diarioregionaldigital.com.br\/index.php?rest_route=%2Fwp%2Fv2%2Fmedia&parent=161010"}],"wp:term":[{"taxonomy":"category","embeddable":true,"href":"https:\/\/diarioregionaldigital.com.br\/index.php?rest_route=%2Fwp%2Fv2%2Fcategories&post=161010"},{"taxonomy":"post_tag","embeddable":true,"href":"https:\/\/diarioregionaldigital.com.br\/index.php?rest_route=%2Fwp%2Fv2%2Ftags&post=161010"}],"curies":[{"name":"wp","href":"https:\/\/api.w.org\/{rel}","templated":true}]}}