{"id":161007,"date":"2020-05-26T10:41:57","date_gmt":"2020-05-26T13:41:57","guid":{"rendered":"https:\/\/diarioregionaldigital.com.br\/?p=161007"},"modified":"2020-05-26T10:41:57","modified_gmt":"2020-05-26T13:41:57","slug":"covid-19-minas-gerais-tem-554-novos-casos","status":"publish","type":"post","link":"https:\/\/diarioregionaldigital.com.br\/?p=161007","title":{"rendered":"Covid-19: Minas Gerais tem 554 novos casos"},"content":{"rendered":"<p>O<a href=\"https:\/\/www.saude.mg.gov.br\/images\/noticias_e_eventos\/000_2020\/Boletins_Corona\/Boletim_Epidemiologico_COVID-19_26.05.2020.pdf\">\u00a0boletim epidemiol\u00f3gico<\/a>\u00a0divulgado nesta ter\u00e7a-feira (26) pela Secretaria de Estado da Sa\u00fade de Minas Gerais (SES-MG), confirma que o estado obteve 554 novos casos, totalizando 7.516 casos confirmadas de Coronav\u00edrus. Al\u00e9m disso, foram confirmados \u00f3bitos em: Belo Horizonte (idosa de 62 anos), Pirapora (idosa de 90 anos), Materl\u00e2ndia (idoso de 80 anos), totalizando 234 mortes. Conforme o levantamento, 3.655 pacientes est\u00e3o recuperados da doen\u00e7a, representando 48,62% dos casos.<\/p>\n<p>Al\u00e9m disso, foram feitos 20.254 testes laboratoriais, sendo que 1.384 deram resultado positivo, 18.192 deram negativo para Coronav\u00edrus e 488 est\u00e3o sob an\u00e1lise.<\/p>\n<p>Os\u00a0dados atualizados\u00a0referentes a \u00f3bitos confirmados em Minas Gerais podem ser conferidos no anexo abaixo.<\/p>\n<p><a href=\"https:\/\/diarioregionaldigital.com.br\/wp-content\/uploads\/2020\/05\/OBITOS_CONF_COVID-19_MG_26.05.2020.xls\">OBITOS_CONF_COVID-19_MG_26.05.2020<\/a><\/p>\n","protected":false},"excerpt":{"rendered":"<p>O\u00a0boletim epidemiol\u00f3gico\u00a0divulgado nesta ter\u00e7a-feira (26) pela Secretaria de Estado da Sa\u00fade de Minas Gerais (SES-MG), confirma que o estado obteve 554 novos casos, totalizando 7.516 casos confirmadas de Coronav\u00edrus. Al\u00e9m disso, foram confirmados \u00f3bitos em: Belo Horizonte (idosa de 62 anos), Pirapora (idosa de 90 anos), Materl\u00e2ndia (idoso de 80 anos), totalizando 234 mortes. Conforme [&hellip;]<\/p>\n","protected":false},"author":96,"featured_media":156129,"comment_status":"closed","ping_status":"closed","sticky":false,"template":"","format":"standard","meta":{"footnotes":""},"categories":[436,440,252,439],"tags":[],"class_list":["post-161007","post","type-post","status-publish","format-standard","has-post-thumbnail","hentry","category-destaque-da-semana","category-destaques-do-dia","category-regiao","category-ultima-hora"],"_links":{"self":[{"href":"https:\/\/diarioregionaldigital.com.br\/index.php?rest_route=\/wp\/v2\/posts\/161007","targetHints":{"allow":["GET"]}}],"collection":[{"href":"https:\/\/diarioregionaldigital.com.br\/index.php?rest_route=\/wp\/v2\/posts"}],"about":[{"href":"https:\/\/diarioregionaldigital.com.br\/index.php?rest_route=\/wp\/v2\/types\/post"}],"author":[{"embeddable":true,"href":"https:\/\/diarioregionaldigital.com.br\/index.php?rest_route=\/wp\/v2\/users\/96"}],"replies":[{"embeddable":true,"href":"https:\/\/diarioregionaldigital.com.br\/index.php?rest_route=%2Fwp%2Fv2%2Fcomments&post=161007"}],"version-history":[{"count":0,"href":"https:\/\/diarioregionaldigital.com.br\/index.php?rest_route=\/wp\/v2\/posts\/161007\/revisions"}],"wp:featuredmedia":[{"embeddable":true,"href":"https:\/\/diarioregionaldigital.com.br\/index.php?rest_route=\/wp\/v2\/media\/156129"}],"wp:attachment":[{"href":"https:\/\/diarioregionaldigital.com.br\/index.php?rest_route=%2Fwp%2Fv2%2Fmedia&parent=161007"}],"wp:term":[{"taxonomy":"category","embeddable":true,"href":"https:\/\/diarioregionaldigital.com.br\/index.php?rest_route=%2Fwp%2Fv2%2Fcategories&post=161007"},{"taxonomy":"post_tag","embeddable":true,"href":"https:\/\/diarioregionaldigital.com.br\/index.php?rest_route=%2Fwp%2Fv2%2Ftags&post=161007"}],"curies":[{"name":"wp","href":"https:\/\/api.w.org\/{rel}","templated":true}]}}