{"id":161001,"date":"2020-05-26T10:25:01","date_gmt":"2020-05-26T13:25:01","guid":{"rendered":"https:\/\/diarioregionaldigital.com.br\/?p=161001"},"modified":"2020-05-26T10:25:01","modified_gmt":"2020-05-26T13:25:01","slug":"governo-vai-contratar-51-mil-profissionais-para-acoes-contra-covid-19","status":"publish","type":"post","link":"https:\/\/diarioregionaldigital.com.br\/?p=161001","title":{"rendered":"Governo vai contratar 5,1 mil profissionais para a\u00e7\u00f5es contra covid-19"},"content":{"rendered":"<p>O Minist\u00e9rio da Economia autorizou a contrata\u00e7\u00e3o tempor\u00e1ria de 5.158 profissionais de sa\u00fade para a\u00e7\u00f5es de enfrentamento a covid-19. A portaria foi publicada hoje (26) no\u00a0Di\u00e1rio Oficial da Uni\u00e3o\u00a0(DOU).<\/p>\n<p>Os profissionais poder\u00e3o ser contratados j\u00e1 a partir deste m\u00eas de maio e os contratos ter\u00e3o validade de at\u00e9 seis meses. A remunera\u00e7\u00e3o e a distribui\u00e7\u00e3o dos profissionais ficar\u00e3o a cargo do Minist\u00e9rio da Sa\u00fade.<\/p>\n<p>As vagas est\u00e3o distribu\u00eddas da seguinte forma: 192 m\u00e9dicos intensivistas, 100 enfermeiros intensivistas, 60 fisioterapeutas intensivistas, 606 m\u00e9dicos, 18 m\u00e9dicos para Unidade B\u00e1sica de Sa\u00fade, 698 enfermeiros, 684 fisioterapeutas, 2.259 t\u00e9cnicos de enfermagem, 101 t\u00e9cnicos em laborat\u00f3rio, 102 farmac\u00eauticos, 57 nutricionistas, 61 biom\u00e9dicos, 120 fonoaudi\u00f3logos e 100 psic\u00f3logos.<\/p>\n<p>Para custear a contrata\u00e7\u00e3o, o governo publicou, tamb\u00e9m na edi\u00e7\u00e3o desta ter\u00e7a-feira do\u00a0DOU, uma Medida Provis\u00f3ria (MP) que um cr\u00e9dito extraordin\u00e1rio de R$ 338,2 milh\u00f5es em favor do Minist\u00e9rio da Sa\u00fade.<\/p>\n<p>Na mesma MP, o governo tamb\u00e9m abre cr\u00e9dito de R$ 28,720 bilh\u00f5es para o Minist\u00e9rio da Cidadania para cobrir despesas de aux\u00edlio emergencial para prote\u00e7\u00e3o a pessoas em situa\u00e7\u00e3o de vulnerabilidade, devido \u00e0 pandemia do novo coronav\u00edrus.<\/p>\n<p>De acordo com o texto, o valor total, de mais de R$ 29 bilh\u00f5es, ser\u00e1 liberado a partir da contrata\u00e7\u00e3o de opera\u00e7\u00e3o de cr\u00e9dito interno (contratos ou emiss\u00e3o de t\u00edtulos da d\u00edvida p\u00fablica).<\/p>\n<p>&nbsp;<\/p>\n<p><strong>Fonte:\u00a0<\/strong>Ag\u00eancia Brasil<\/p>\n","protected":false},"excerpt":{"rendered":"<p>O Minist\u00e9rio da Economia autorizou a contrata\u00e7\u00e3o tempor\u00e1ria de 5.158 profissionais de sa\u00fade para a\u00e7\u00f5es de enfrentamento a covid-19. A portaria foi publicada hoje (26) no\u00a0Di\u00e1rio Oficial da Uni\u00e3o\u00a0(DOU). Os profissionais poder\u00e3o ser contratados j\u00e1 a partir deste m\u00eas de maio e os contratos ter\u00e3o validade de at\u00e9 seis meses. A remunera\u00e7\u00e3o e a distribui\u00e7\u00e3o [&hellip;]<\/p>\n","protected":false},"author":96,"featured_media":161002,"comment_status":"closed","ping_status":"closed","sticky":false,"template":"","format":"standard","meta":{"footnotes":""},"categories":[302,436,439],"tags":[],"class_list":["post-161001","post","type-post","status-publish","format-standard","has-post-thumbnail","hentry","category-brasil-mundo","category-destaque-da-semana","category-ultima-hora"],"_links":{"self":[{"href":"https:\/\/diarioregionaldigital.com.br\/index.php?rest_route=\/wp\/v2\/posts\/161001","targetHints":{"allow":["GET"]}}],"collection":[{"href":"https:\/\/diarioregionaldigital.com.br\/index.php?rest_route=\/wp\/v2\/posts"}],"about":[{"href":"https:\/\/diarioregionaldigital.com.br\/index.php?rest_route=\/wp\/v2\/types\/post"}],"author":[{"embeddable":true,"href":"https:\/\/diarioregionaldigital.com.br\/index.php?rest_route=\/wp\/v2\/users\/96"}],"replies":[{"embeddable":true,"href":"https:\/\/diarioregionaldigital.com.br\/index.php?rest_route=%2Fwp%2Fv2%2Fcomments&post=161001"}],"version-history":[{"count":0,"href":"https:\/\/diarioregionaldigital.com.br\/index.php?rest_route=\/wp\/v2\/posts\/161001\/revisions"}],"wp:featuredmedia":[{"embeddable":true,"href":"https:\/\/diarioregionaldigital.com.br\/index.php?rest_route=\/wp\/v2\/media\/161002"}],"wp:attachment":[{"href":"https:\/\/diarioregionaldigital.com.br\/index.php?rest_route=%2Fwp%2Fv2%2Fmedia&parent=161001"}],"wp:term":[{"taxonomy":"category","embeddable":true,"href":"https:\/\/diarioregionaldigital.com.br\/index.php?rest_route=%2Fwp%2Fv2%2Fcategories&post=161001"},{"taxonomy":"post_tag","embeddable":true,"href":"https:\/\/diarioregionaldigital.com.br\/index.php?rest_route=%2Fwp%2Fv2%2Ftags&post=161001"}],"curies":[{"name":"wp","href":"https:\/\/api.w.org\/{rel}","templated":true}]}}