{"id":160993,"date":"2020-05-26T06:00:57","date_gmt":"2020-05-26T09:00:57","guid":{"rendered":"https:\/\/diarioregionaldigital.com.br\/?p=160993"},"modified":"2020-05-26T00:24:08","modified_gmt":"2020-05-26T03:24:08","slug":"camara-municipal-de-matias-barbosa-mg-licitacao-no22-26-05-2020","status":"publish","type":"post","link":"https:\/\/diarioregionaldigital.com.br\/?p=160993","title":{"rendered":"C\u00e2mara Municipal de Matias Barbosa-MG &#8211; Licita\u00e7\u00e3o n\u00ba22 &#8211; 26\/05\/2020"},"content":{"rendered":"<p style=\"text-align: center;\"><strong>C\u00c2MARA MUNICIPAL DE MATIAS BARBOSA &#8211; MG<\/strong><\/p>\n<p style=\"text-align: center;\"><strong>AVISO DE LICITA\u00c7\u00c3O<\/strong><\/p>\n<p style=\"text-align: center;\"><strong>PROCESSO LICITAT\u00d3RIO N\u00ba.22\/2020<\/strong><\/p>\n<p style=\"text-align: center;\"><strong>PREG\u00c3O PRESENCIAL N\u00ba.07\/2020<\/strong><\/p>\n<p><strong>OBJETO:<\/strong> Aquisi\u00e7\u00e3o de C\u00e2meras de seguran\u00e7a e equipamentos de Monitoramento em Circuito Fechado do interior e exterior do pr\u00e9dio da C\u00e2mara Municipal de Matias Barbosa, conforme condi\u00e7\u00f5es, quantidades e exig\u00eancias estabelecidas neste edital e seus anexos.<\/p>\n<p><strong>SETOR REQUISITANTE<\/strong>: Inform\u00e1tica da C\u00e2mara Municipal de Matias Barbosa<\/p>\n<p><strong>ENTREGA E ABERTURA DOS ENVELOPES \u201cHABILITA\u00c7\u00c3O\u201d E \u201cPROPOSTA: <\/strong><\/p>\n<p><strong>DATA<\/strong>: 09\/06\/2020<\/p>\n<p><strong>HOR\u00c1RIO<\/strong>: 09:00 (nove) horas<\/p>\n<p><strong>LOCAL<\/strong>: Sala de reuni\u00f5es da C\u00e2mara Municipal de Matias Barbosa, situada na Avenida Engenheiro Paulo Brand\u00e3o, n\u00b0. 380, Parque dos Sabi\u00e1s, na cidade de Matias Barbosa \u2013 MG. CEP: 36.120-000.<\/p>\n<p><strong>CONSULTAS AO EDITAL E DIVULGA\u00c7\u00c3O DE INFORMA\u00c7\u00d5ES<\/strong>: No site C\u00e2mara Municipal: <a href=\"http:\/\/www.matiasbarbosa.mg.leg.br\">www.matiasbarbosa.mg.leg.br<\/a><\/p>\n<p><strong>ESCLARECIMENTOS<\/strong>: Eventuais d\u00favidas podem ser esclarecidas atrav\u00e9s do e-mail: licitacao@matiasbarbosa.mg.leg.br, e do tel: (32) 3273 \u2013 5700 \/ (32) 3273 \u2013 5719.<\/p>\n","protected":false},"excerpt":{"rendered":"<p>C\u00c2MARA MUNICIPAL DE MATIAS BARBOSA &#8211; MG AVISO DE LICITA\u00c7\u00c3O PROCESSO LICITAT\u00d3RIO N\u00ba.22\/2020 PREG\u00c3O PRESENCIAL N\u00ba.07\/2020 OBJETO: Aquisi\u00e7\u00e3o de C\u00e2meras de seguran\u00e7a e equipamentos de Monitoramento em Circuito Fechado do interior e exterior do pr\u00e9dio da C\u00e2mara Municipal de Matias Barbosa, conforme condi\u00e7\u00f5es, quantidades e exig\u00eancias estabelecidas neste edital e seus anexos. SETOR REQUISITANTE: Inform\u00e1tica [&hellip;]<\/p>\n","protected":false},"author":96,"featured_media":0,"comment_status":"closed","ping_status":"closed","sticky":false,"template":"","format":"standard","meta":{"footnotes":""},"categories":[307],"tags":[],"class_list":["post-160993","post","type-post","status-publish","format-standard","hentry","category-editais"],"_links":{"self":[{"href":"https:\/\/diarioregionaldigital.com.br\/index.php?rest_route=\/wp\/v2\/posts\/160993","targetHints":{"allow":["GET"]}}],"collection":[{"href":"https:\/\/diarioregionaldigital.com.br\/index.php?rest_route=\/wp\/v2\/posts"}],"about":[{"href":"https:\/\/diarioregionaldigital.com.br\/index.php?rest_route=\/wp\/v2\/types\/post"}],"author":[{"embeddable":true,"href":"https:\/\/diarioregionaldigital.com.br\/index.php?rest_route=\/wp\/v2\/users\/96"}],"replies":[{"embeddable":true,"href":"https:\/\/diarioregionaldigital.com.br\/index.php?rest_route=%2Fwp%2Fv2%2Fcomments&post=160993"}],"version-history":[{"count":0,"href":"https:\/\/diarioregionaldigital.com.br\/index.php?rest_route=\/wp\/v2\/posts\/160993\/revisions"}],"wp:attachment":[{"href":"https:\/\/diarioregionaldigital.com.br\/index.php?rest_route=%2Fwp%2Fv2%2Fmedia&parent=160993"}],"wp:term":[{"taxonomy":"category","embeddable":true,"href":"https:\/\/diarioregionaldigital.com.br\/index.php?rest_route=%2Fwp%2Fv2%2Fcategories&post=160993"},{"taxonomy":"post_tag","embeddable":true,"href":"https:\/\/diarioregionaldigital.com.br\/index.php?rest_route=%2Fwp%2Fv2%2Ftags&post=160993"}],"curies":[{"name":"wp","href":"https:\/\/api.w.org\/{rel}","templated":true}]}}