{"id":160991,"date":"2020-05-26T06:00:14","date_gmt":"2020-05-26T09:00:14","guid":{"rendered":"https:\/\/diarioregionaldigital.com.br\/?p=160991"},"modified":"2020-05-26T00:16:56","modified_gmt":"2020-05-26T03:16:56","slug":"apertado","status":"publish","type":"post","link":"https:\/\/diarioregionaldigital.com.br\/?p=160991","title":{"rendered":"Apertado"},"content":{"rendered":"<p style=\"text-align: center;\"><strong>Apertado<\/strong><\/p>\n<p style=\"text-align: center;\">Quem diria, Eike Batista com os bens bloqueados botou \u00e1 venda o d\u00e9cimo andar do pr\u00e9dio onde funciona o que restou do seu grupo, na Praia do Flamengo (RIO). Eike quer vender, mas imp\u00f5es como condi\u00e7\u00e3o continuar no local, como locat\u00e1rio. O motivo \u00e9 a sua conhecida supersti\u00e7\u00e3o. Foi naquele pr\u00e9dio e em seu escrit\u00f3rio que Eike viveu seus momentos de gl\u00f3ria.<\/p>\n<p style=\"text-align: center;\"><strong>Pandemia<\/strong><\/p>\n<p style=\"text-align: center;\">Em boa hora, o centro de aten\u00e7\u00e3o ao Cidad\u00e3o (CAC) da C\u00e2mara Municipal de Juiz de Fora passou a disponibilizar on-line seus servi\u00e7os durante o per\u00edodo de pandemia do novo Coronav\u00edrus. A medida foi tomada permitindo que casos espec\u00edficos possam ser atendidos \u00e1 distancia.<\/p>\n<p style=\"text-align: center;\"><strong>Neg\u00f3cios<\/strong><\/p>\n<p style=\"text-align: center;\">Toda vez que ocorre uma crise dos congelamentos dos anos 1980 \u00e1 greve dos caminhoneiros em 2018 \u2013 ind\u00fastria e varejo brigam feio pelo repasse de pre\u00e7os. Desta vez, n\u00e3o. A exce\u00e7\u00e3o do leite, o reajuste de pre\u00e7o foi zero nos supermercados em abril.<\/p>\n<p style=\"text-align: center;\"><strong>Cultura<\/strong><\/p>\n<p style=\"text-align: center;\">Um dos maiores incentivadores da arte e cultura de Juiz de Fora, o Diretor do Museu de Arte Murilo Mendes, Ricardo Crist\u00f3faro preparou uma programa\u00e7\u00e3o on-line para comemorar os 15 anos do MAMM. Em cena postagens no Instagram e no site, contando a hist\u00f3ria do poeta Murilo Mendes e as a\u00e7\u00f5es que marcaram a trajet\u00f3ria do museu.<\/p>\n<p style=\"text-align: center;\"><span style=\"font-size: 14pt;\"><strong>Par Refletir<\/strong><\/span><\/p>\n<p style=\"text-align: center;\">Na hist\u00f3ria das trag\u00e9dias humanit\u00e1rias, as mortes viram n\u00fameros e estat\u00edsticas. A motiva\u00e7\u00e3o da lembran\u00e7a est\u00e1 em n\u00e3o esquecer que uma vida cont\u00e9m um universo em s\u00ed. Uma vida perdida foi algu\u00e9m, tem nome, tem uma hist\u00f3ria, deixou amores. Uma lembran\u00e7a tamb\u00e9m recupera a humanidade dos que est\u00e3o vivos, ao n\u00e3o deixar que naturalizemos a perda de vidas. Pense e compartilhe.<\/p>\n<div id=\"attachment_160979\" style=\"width: 690px\" class=\"wp-caption aligncenter\"><img loading=\"lazy\" decoding=\"async\" aria-describedby=\"caption-attachment-160979\" class=\"wp-image-160979\" src=\"https:\/\/diarioregionaldigital.com.br\/wp-content\/uploads\/2020\/05\/fotoa-16-e1590462185343.jpg\" alt=\"\" width=\"680\" height=\"528\" srcset=\"https:\/\/diarioregionaldigital.com.br\/wp-content\/uploads\/2020\/05\/fotoa-16-e1590462185343.jpg 1530w, https:\/\/diarioregionaldigital.com.br\/wp-content\/uploads\/2020\/05\/fotoa-16-e1590462185343-300x233.jpg 300w, https:\/\/diarioregionaldigital.com.br\/wp-content\/uploads\/2020\/05\/fotoa-16-e1590462185343-768x596.jpg 768w, https:\/\/diarioregionaldigital.com.br\/wp-content\/uploads\/2020\/05\/fotoa-16-e1590462185343-1024x794.jpg 1024w, https:\/\/diarioregionaldigital.com.br\/wp-content\/uploads\/2020\/05\/fotoa-16-e1590462185343-360x279.jpg 360w\" sizes=\"auto, (max-width: 680px) 100vw, 680px\" \/><p id=\"caption-attachment-160979\" class=\"wp-caption-text\">O momento relaxamento total em isolamento social do Nutricionista e professor Renato Nunes<\/p><\/div>\n<div id=\"attachment_160980\" style=\"width: 690px\" class=\"wp-caption aligncenter\"><img loading=\"lazy\" decoding=\"async\" aria-describedby=\"caption-attachment-160980\" class=\"wp-image-160980\" src=\"https:\/\/diarioregionaldigital.com.br\/wp-content\/uploads\/2020\/05\/fotob-16-e1590462228200.jpg\" alt=\"\" width=\"680\" height=\"514\" srcset=\"https:\/\/diarioregionaldigital.com.br\/wp-content\/uploads\/2020\/05\/fotob-16-e1590462228200.jpg 720w, https:\/\/diarioregionaldigital.com.br\/wp-content\/uploads\/2020\/05\/fotob-16-e1590462228200-300x227.jpg 300w, https:\/\/diarioregionaldigital.com.br\/wp-content\/uploads\/2020\/05\/fotob-16-e1590462228200-360x272.jpg 360w\" sizes=\"auto, (max-width: 680px) 100vw, 680px\" \/><p id=\"caption-attachment-160980\" class=\"wp-caption-text\">Aniversariante de destaque da temporada social, Walter Moura Garcia, o querido compositor de JF Carioca<\/p><\/div>\n<div id=\"attachment_160981\" style=\"width: 690px\" class=\"wp-caption aligncenter\"><img loading=\"lazy\" decoding=\"async\" aria-describedby=\"caption-attachment-160981\" class=\"wp-image-160981\" src=\"https:\/\/diarioregionaldigital.com.br\/wp-content\/uploads\/2020\/05\/fotoc-14-e1590462299315.jpg\" alt=\"\" width=\"680\" height=\"506\" srcset=\"https:\/\/diarioregionaldigital.com.br\/wp-content\/uploads\/2020\/05\/fotoc-14-e1590462299315.jpg 960w, https:\/\/diarioregionaldigital.com.br\/wp-content\/uploads\/2020\/05\/fotoc-14-e1590462299315-300x223.jpg 300w, https:\/\/diarioregionaldigital.com.br\/wp-content\/uploads\/2020\/05\/fotoc-14-e1590462299315-768x571.jpg 768w, https:\/\/diarioregionaldigital.com.br\/wp-content\/uploads\/2020\/05\/fotoc-14-e1590462299315-360x268.jpg 360w\" sizes=\"auto, (max-width: 680px) 100vw, 680px\" \/><p id=\"caption-attachment-160981\" class=\"wp-caption-text\">Com o Shopping da Tecnologia, Rafael Itz recolheu e fez doa\u00e7\u00e3o solid\u00e1ria para os necessitados durante a pandemia em JF<\/p><\/div>\n<div id=\"attachment_160982\" style=\"width: 690px\" class=\"wp-caption aligncenter\"><img loading=\"lazy\" decoding=\"async\" aria-describedby=\"caption-attachment-160982\" class=\"wp-image-160982\" src=\"https:\/\/diarioregionaldigital.com.br\/wp-content\/uploads\/2020\/05\/fotod-15-e1590462328165.jpg\" alt=\"\" width=\"680\" height=\"483\" srcset=\"https:\/\/diarioregionaldigital.com.br\/wp-content\/uploads\/2020\/05\/fotod-15-e1590462328165.jpg 720w, https:\/\/diarioregionaldigital.com.br\/wp-content\/uploads\/2020\/05\/fotod-15-e1590462328165-300x213.jpg 300w, https:\/\/diarioregionaldigital.com.br\/wp-content\/uploads\/2020\/05\/fotod-15-e1590462328165-360x256.jpg 360w, https:\/\/diarioregionaldigital.com.br\/wp-content\/uploads\/2020\/05\/fotod-15-e1590462328165-100x70.jpg 100w\" sizes=\"auto, (max-width: 680px) 100vw, 680px\" \/><p id=\"caption-attachment-160982\" class=\"wp-caption-text\">Tr\u00eas campe\u00f5es do alto astral: Dida Sirimarco, Fernando Luis Baldioti (Baleia) e Nelson J\u00fanior<\/p><\/div>\n<div id=\"attachment_160983\" style=\"width: 690px\" class=\"wp-caption aligncenter\"><img loading=\"lazy\" decoding=\"async\" aria-describedby=\"caption-attachment-160983\" class=\"wp-image-160983\" src=\"https:\/\/diarioregionaldigital.com.br\/wp-content\/uploads\/2020\/05\/fotoe-14-e1590462384453.jpg\" alt=\"\" width=\"680\" height=\"490\" srcset=\"https:\/\/diarioregionaldigital.com.br\/wp-content\/uploads\/2020\/05\/fotoe-14-e1590462384453.jpg 938w, https:\/\/diarioregionaldigital.com.br\/wp-content\/uploads\/2020\/05\/fotoe-14-e1590462384453-300x216.jpg 300w, https:\/\/diarioregionaldigital.com.br\/wp-content\/uploads\/2020\/05\/fotoe-14-e1590462384453-768x553.jpg 768w, https:\/\/diarioregionaldigital.com.br\/wp-content\/uploads\/2020\/05\/fotoe-14-e1590462384453-360x259.jpg 360w\" sizes=\"auto, (max-width: 680px) 100vw, 680px\" \/><p id=\"caption-attachment-160983\" class=\"wp-caption-text\">Foi no carnaval que passou com os lindos Liliane Gonzaga, Kaleb Ant\u00f4nio e Elaine Gonzaga<\/p><\/div>\n<div id=\"attachment_160984\" style=\"width: 690px\" class=\"wp-caption aligncenter\"><img loading=\"lazy\" decoding=\"async\" aria-describedby=\"caption-attachment-160984\" class=\"wp-image-160984\" src=\"https:\/\/diarioregionaldigital.com.br\/wp-content\/uploads\/2020\/05\/fotof-13-e1590462363150.jpg\" alt=\"\" width=\"680\" height=\"487\" srcset=\"https:\/\/diarioregionaldigital.com.br\/wp-content\/uploads\/2020\/05\/fotof-13-e1590462363150.jpg 955w, https:\/\/diarioregionaldigital.com.br\/wp-content\/uploads\/2020\/05\/fotof-13-e1590462363150-300x215.jpg 300w, https:\/\/diarioregionaldigital.com.br\/wp-content\/uploads\/2020\/05\/fotof-13-e1590462363150-768x550.jpg 768w, https:\/\/diarioregionaldigital.com.br\/wp-content\/uploads\/2020\/05\/fotof-13-e1590462363150-360x258.jpg 360w\" sizes=\"auto, (max-width: 680px) 100vw, 680px\" \/><p id=\"caption-attachment-160984\" class=\"wp-caption-text\">Nos Jardins do Privil\u00e9ge antes da pandemia, Patr\u00edcia Teixeira e Gui Schr\u00f6der<\/p><\/div>\n<div id=\"attachment_160985\" style=\"width: 690px\" class=\"wp-caption aligncenter\"><img loading=\"lazy\" decoding=\"async\" aria-describedby=\"caption-attachment-160985\" class=\"wp-image-160985\" src=\"https:\/\/diarioregionaldigital.com.br\/wp-content\/uploads\/2020\/05\/fotog-12-e1590462431381.jpg\" alt=\"\" width=\"680\" height=\"538\" srcset=\"https:\/\/diarioregionaldigital.com.br\/wp-content\/uploads\/2020\/05\/fotog-12-e1590462431381.jpg 618w, https:\/\/diarioregionaldigital.com.br\/wp-content\/uploads\/2020\/05\/fotog-12-e1590462431381-300x237.jpg 300w, https:\/\/diarioregionaldigital.com.br\/wp-content\/uploads\/2020\/05\/fotog-12-e1590462431381-360x285.jpg 360w\" sizes=\"auto, (max-width: 680px) 100vw, 680px\" \/><p id=\"caption-attachment-160985\" class=\"wp-caption-text\">A cachorrinha Beatriz recuperada de acidente posa com seu protetor, Rosenberg Frizeiro<\/p><\/div>\n<div id=\"attachment_160986\" style=\"width: 690px\" class=\"wp-caption aligncenter\"><img loading=\"lazy\" decoding=\"async\" aria-describedby=\"caption-attachment-160986\" class=\"wp-image-160986\" src=\"https:\/\/diarioregionaldigital.com.br\/wp-content\/uploads\/2020\/05\/fotoh-11-e1590462458854.jpg\" alt=\"\" width=\"680\" height=\"503\" srcset=\"https:\/\/diarioregionaldigital.com.br\/wp-content\/uploads\/2020\/05\/fotoh-11-e1590462458854.jpg 462w, https:\/\/diarioregionaldigital.com.br\/wp-content\/uploads\/2020\/05\/fotoh-11-e1590462458854-300x222.jpg 300w, https:\/\/diarioregionaldigital.com.br\/wp-content\/uploads\/2020\/05\/fotoh-11-e1590462458854-360x266.jpg 360w\" sizes=\"auto, (max-width: 680px) 100vw, 680px\" \/><p id=\"caption-attachment-160986\" class=\"wp-caption-text\">Tempos passados na alegria do Muzik com Fabinho Esteves e Fernanda Berion<\/p><\/div>\n<div id=\"attachment_160987\" style=\"width: 690px\" class=\"wp-caption aligncenter\"><img loading=\"lazy\" decoding=\"async\" aria-describedby=\"caption-attachment-160987\" class=\"wp-image-160987\" src=\"https:\/\/diarioregionaldigital.com.br\/wp-content\/uploads\/2020\/05\/fotoi-6.jpg\" alt=\"\" width=\"680\" height=\"450\" srcset=\"https:\/\/diarioregionaldigital.com.br\/wp-content\/uploads\/2020\/05\/fotoi-6.jpg 2544w, https:\/\/diarioregionaldigital.com.br\/wp-content\/uploads\/2020\/05\/fotoi-6-300x199.jpg 300w, https:\/\/diarioregionaldigital.com.br\/wp-content\/uploads\/2020\/05\/fotoi-6-768x508.jpg 768w, https:\/\/diarioregionaldigital.com.br\/wp-content\/uploads\/2020\/05\/fotoi-6-1024x678.jpg 1024w, https:\/\/diarioregionaldigital.com.br\/wp-content\/uploads\/2020\/05\/fotoi-6-1440x950.jpg 1440w, https:\/\/diarioregionaldigital.com.br\/wp-content\/uploads\/2020\/05\/fotoi-6-360x238.jpg 360w\" sizes=\"auto, (max-width: 680px) 100vw, 680px\" \/><p id=\"caption-attachment-160987\" class=\"wp-caption-text\">Mulheres chiques fazendo social: as irm\u00e3s Aura Lamha e Juliana Lamha<\/p><\/div>\n<div id=\"attachment_160988\" style=\"width: 690px\" class=\"wp-caption aligncenter\"><img loading=\"lazy\" decoding=\"async\" aria-describedby=\"caption-attachment-160988\" class=\"wp-image-160988\" src=\"https:\/\/diarioregionaldigital.com.br\/wp-content\/uploads\/2020\/05\/fotoj-5.jpg\" alt=\"\" width=\"680\" height=\"510\" srcset=\"https:\/\/diarioregionaldigital.com.br\/wp-content\/uploads\/2020\/05\/fotoj-5.jpg 960w, https:\/\/diarioregionaldigital.com.br\/wp-content\/uploads\/2020\/05\/fotoj-5-300x225.jpg 300w, https:\/\/diarioregionaldigital.com.br\/wp-content\/uploads\/2020\/05\/fotoj-5-768x576.jpg 768w, https:\/\/diarioregionaldigital.com.br\/wp-content\/uploads\/2020\/05\/fotoj-5-360x270.jpg 360w\" sizes=\"auto, (max-width: 680px) 100vw, 680px\" \/><p id=\"caption-attachment-160988\" class=\"wp-caption-text\">As del\u00edcias de Francele Galil em delivery (encomendas:98815-1512)<\/p><\/div>\n<p style=\"text-align: center;\"><strong>FOTOSS\u00cdNTESE<\/strong><\/p>\n<p>Sempre din\u00e2mico, Luciano Galil est\u00e1 mobilizando uns e outros para a realiza\u00e7\u00e3o da Agrofeira 267, realizada nos arredores de Bicas (MG).<\/p>\n<p>O corretor de im\u00f3veis Toninho Cunha festejou discretamente seu anivers\u00e1rio. Sem festa devido ao isolamento social.<\/p>\n<p>O presidente da Funda\u00e7\u00e3o Dom Cabral, Ant\u00f4nio Batista da Silva J\u00fanior com sede em Nova Lima (MG) comemora a nona coloca\u00e7\u00e3o entre as melhores do mundo, segundo o jornal brit\u00e2nico \u201cFinancial Times\u201d.<\/p>\n<p>Muito elogiadas pelo dinamismo \u00e0 frente de suas fun\u00e7\u00f5es no Cascatinha Country Clube, a diretora social Antonieta Lopardi e a diretora de comunica\u00e7\u00e3o Ana Paula Backx.<\/p>\n<p>O Independ\u00eancia Shopping entra no ritmo das comemora\u00e7\u00f5es aos 170 anos de Juiz de Fora. Em ritmo virtual a iniciativa ter\u00e1 depoimentos de personalidades e fotos hist\u00f3ricas.<\/p>\n<p>Gabriel Cupertino faz isolamento social na ro\u00e7a. Passa os dias plantando, usando a enxada e colhendo verduras e frutas.<\/p>\n<p>S.O.S: A Hemominas precisa urgente de doadores de sangue para atender a popula\u00e7\u00e3o da Zona da Mata. De segunda a s\u00e1bado, de 7h ao meio dia. Voc\u00ea pode salvar vidas.<\/p>\n<p>Fazendo sucesso o novo \u00e1lbum do cantor e compositor juiz-forano Luizinho Lopes. Com 42 anos de carreira, ele considera sua trajet\u00f3ria como uma foto gr\u00e1fica multifacetada.<\/p>\n<p>Est\u00e3o em ritmo de delivery: Costelaria do Z\u00e9, Kibe do Mauad, Vag\u00e3o de Pizza, Pipita, Bar e Restaurante Futrica, Cacau Show, Caf\u00e9 da Gruta, Bistr\u00f4 e Mary Milk.<\/p>\n<p>A\u00ed: Entenda: Uma fera nunca recua, ela apenas perde o interesse. Bom dia.<\/p>\n<p><img loading=\"lazy\" decoding=\"async\" class=\"aligncenter size-full wp-image-160989\" src=\"https:\/\/diarioregionaldigital.com.br\/wp-content\/uploads\/2020\/05\/anuncio64.jpg\" alt=\"\" width=\"3516\" height=\"1356\" srcset=\"https:\/\/diarioregionaldigital.com.br\/wp-content\/uploads\/2020\/05\/anuncio64.jpg 3516w, https:\/\/diarioregionaldigital.com.br\/wp-content\/uploads\/2020\/05\/anuncio64-300x116.jpg 300w, https:\/\/diarioregionaldigital.com.br\/wp-content\/uploads\/2020\/05\/anuncio64-768x296.jpg 768w, https:\/\/diarioregionaldigital.com.br\/wp-content\/uploads\/2020\/05\/anuncio64-1024x395.jpg 1024w, https:\/\/diarioregionaldigital.com.br\/wp-content\/uploads\/2020\/05\/anuncio64-360x139.jpg 360w\" sizes=\"auto, (max-width: 3516px) 100vw, 3516px\" \/><\/p>\n","protected":false},"excerpt":{"rendered":"<p>Apertado Quem diria, Eike Batista com os bens bloqueados botou \u00e1 venda o d\u00e9cimo andar do pr\u00e9dio onde funciona o que restou do seu grupo, na Praia do Flamengo (RIO). Eike quer vender, mas imp\u00f5es como condi\u00e7\u00e3o continuar no local, como locat\u00e1rio. O motivo \u00e9 a sua conhecida supersti\u00e7\u00e3o. Foi naquele pr\u00e9dio e em seu [&hellip;]<\/p>\n","protected":false},"author":96,"featured_media":160979,"comment_status":"closed","ping_status":"closed","sticky":false,"template":"","format":"standard","meta":{"footnotes":""},"categories":[264],"tags":[],"class_list":["post-160991","post","type-post","status-publish","format-standard","has-post-thumbnail","hentry","category-eduardo-gomes"],"_links":{"self":[{"href":"https:\/\/diarioregionaldigital.com.br\/index.php?rest_route=\/wp\/v2\/posts\/160991","targetHints":{"allow":["GET"]}}],"collection":[{"href":"https:\/\/diarioregionaldigital.com.br\/index.php?rest_route=\/wp\/v2\/posts"}],"about":[{"href":"https:\/\/diarioregionaldigital.com.br\/index.php?rest_route=\/wp\/v2\/types\/post"}],"author":[{"embeddable":true,"href":"https:\/\/diarioregionaldigital.com.br\/index.php?rest_route=\/wp\/v2\/users\/96"}],"replies":[{"embeddable":true,"href":"https:\/\/diarioregionaldigital.com.br\/index.php?rest_route=%2Fwp%2Fv2%2Fcomments&post=160991"}],"version-history":[{"count":0,"href":"https:\/\/diarioregionaldigital.com.br\/index.php?rest_route=\/wp\/v2\/posts\/160991\/revisions"}],"wp:featuredmedia":[{"embeddable":true,"href":"https:\/\/diarioregionaldigital.com.br\/index.php?rest_route=\/wp\/v2\/media\/160979"}],"wp:attachment":[{"href":"https:\/\/diarioregionaldigital.com.br\/index.php?rest_route=%2Fwp%2Fv2%2Fmedia&parent=160991"}],"wp:term":[{"taxonomy":"category","embeddable":true,"href":"https:\/\/diarioregionaldigital.com.br\/index.php?rest_route=%2Fwp%2Fv2%2Fcategories&post=160991"},{"taxonomy":"post_tag","embeddable":true,"href":"https:\/\/diarioregionaldigital.com.br\/index.php?rest_route=%2Fwp%2Fv2%2Ftags&post=160991"}],"curies":[{"name":"wp","href":"https:\/\/api.w.org\/{rel}","templated":true}]}}