{"id":160977,"date":"2020-05-25T20:15:29","date_gmt":"2020-05-25T23:15:29","guid":{"rendered":"https:\/\/diarioregionaldigital.com.br\/?p=160977"},"modified":"2020-05-25T20:15:29","modified_gmt":"2020-05-25T23:15:29","slug":"coronavirus-1538-mil-pessoas-estao-curadas-no-brasil","status":"publish","type":"post","link":"https:\/\/diarioregionaldigital.com.br\/?p=160977","title":{"rendered":"Coronav\u00edrus: 153,8 mil pessoas est\u00e3o curadas no Brasil"},"content":{"rendered":"<p>O Brasil alcan\u00e7ou nesta segunda-feira (25\/5) o total de 153.833 pessoas curadas do coronav\u00edrus. O n\u00famero representa 41% do total de casos confirmados atualmente (374.898). A quantidade de pessoas curadas tem crescido a cada dia. Nas \u00faltimas 24h, 3.922 pessoas se curaram da doen\u00e7a. Outras 197.592 pessoas seguem em acompanhamento m\u00e9dico. As informa\u00e7\u00f5es foram atualizadas pelas Secretarias Estaduais de Sa\u00fade do Brasil at\u00e9 as 19h desta segunda (25).<\/p>\n<p>O Governo do Brasil tem empenhado todos os esfor\u00e7os necess\u00e1rios para garantir o atendimento m\u00e9dico a quem precisa por meio do Sistema \u00danico de Sa\u00fade (SUS). As iniciativas para cuidar da sa\u00fade de todos t\u00eam sido adotadas em parceria com as secretarias de sa\u00fade estaduais e municipais. As a\u00e7\u00f5es s\u00e3o monitoradas e avaliadas diariamente, seguindo par\u00e2metros e necessidades de cada estado ou munic\u00edpio. Al\u00e9m de recursos financeiros, est\u00e3o sendo realizados investimentos constantes na aquisi\u00e7\u00e3o de insumos, respiradores, testes de diagn\u00f3stico, rem\u00e9dios e equipamentos de prote\u00e7\u00e3o individual para os profissionais de sa\u00fade, al\u00e9m da habilita\u00e7\u00e3o de leitos de UTI exclusivos para os pacientes graves ou grav\u00edssimos do coronav\u00edrus.<\/p>\n<p>At\u00e9 o momento, o pa\u00eds registra 23.473 \u00f3bitos, sendo que 807 foram registrados nos sistemas de informa\u00e7\u00e3o oficiais do Minist\u00e9rio da Sa\u00fade nas \u00faltimas 24h. No entanto, maioria dos casos aconteceu em outros dias. Isso porque as notifica\u00e7\u00f5es ocorrem apenas ap\u00f3s a conclus\u00e3o da investiga\u00e7\u00e3o dos motivos das mortes pelas Secretarias Estaduais e Municipais de Sa\u00fade. Assim, do total de novos registros, 270 \u00f3bitos ocorreram, de fato, nos \u00faltimos tr\u00eas dias e outros 3.742 est\u00e3o em investiga\u00e7\u00e3o.<\/p>\n<p>Cerca de dois mil munic\u00edpios do pa\u00eds n\u00e3o possuem casos de coronav\u00edrus e mais de 70% das cidades n\u00e3o registram nenhum \u00f3bito pela doen\u00e7a. A taxa de letalidade atualmente da doen\u00e7a \u00e9 de 6,3%, considerando o total de casos confirmados.<\/p>\n<p>&nbsp;<\/p>\n<p><strong>Fonte:\u00a0<\/strong>Assessoria<\/p>\n","protected":false},"excerpt":{"rendered":"<p>O Brasil alcan\u00e7ou nesta segunda-feira (25\/5) o total de 153.833 pessoas curadas do coronav\u00edrus. O n\u00famero representa 41% do total de casos confirmados atualmente (374.898). A quantidade de pessoas curadas tem crescido a cada dia. Nas \u00faltimas 24h, 3.922 pessoas se curaram da doen\u00e7a. Outras 197.592 pessoas seguem em acompanhamento m\u00e9dico. As informa\u00e7\u00f5es foram atualizadas [&hellip;]<\/p>\n","protected":false},"author":96,"featured_media":159578,"comment_status":"closed","ping_status":"closed","sticky":false,"template":"","format":"standard","meta":{"footnotes":""},"categories":[302,436,440,439],"tags":[],"class_list":["post-160977","post","type-post","status-publish","format-standard","has-post-thumbnail","hentry","category-brasil-mundo","category-destaque-da-semana","category-destaques-do-dia","category-ultima-hora"],"_links":{"self":[{"href":"https:\/\/diarioregionaldigital.com.br\/index.php?rest_route=\/wp\/v2\/posts\/160977","targetHints":{"allow":["GET"]}}],"collection":[{"href":"https:\/\/diarioregionaldigital.com.br\/index.php?rest_route=\/wp\/v2\/posts"}],"about":[{"href":"https:\/\/diarioregionaldigital.com.br\/index.php?rest_route=\/wp\/v2\/types\/post"}],"author":[{"embeddable":true,"href":"https:\/\/diarioregionaldigital.com.br\/index.php?rest_route=\/wp\/v2\/users\/96"}],"replies":[{"embeddable":true,"href":"https:\/\/diarioregionaldigital.com.br\/index.php?rest_route=%2Fwp%2Fv2%2Fcomments&post=160977"}],"version-history":[{"count":0,"href":"https:\/\/diarioregionaldigital.com.br\/index.php?rest_route=\/wp\/v2\/posts\/160977\/revisions"}],"wp:featuredmedia":[{"embeddable":true,"href":"https:\/\/diarioregionaldigital.com.br\/index.php?rest_route=\/wp\/v2\/media\/159578"}],"wp:attachment":[{"href":"https:\/\/diarioregionaldigital.com.br\/index.php?rest_route=%2Fwp%2Fv2%2Fmedia&parent=160977"}],"wp:term":[{"taxonomy":"category","embeddable":true,"href":"https:\/\/diarioregionaldigital.com.br\/index.php?rest_route=%2Fwp%2Fv2%2Fcategories&post=160977"},{"taxonomy":"post_tag","embeddable":true,"href":"https:\/\/diarioregionaldigital.com.br\/index.php?rest_route=%2Fwp%2Fv2%2Ftags&post=160977"}],"curies":[{"name":"wp","href":"https:\/\/api.w.org\/{rel}","templated":true}]}}