{"id":160975,"date":"2020-05-25T18:52:40","date_gmt":"2020-05-25T21:52:40","guid":{"rendered":"https:\/\/diarioregionaldigital.com.br\/?p=160975"},"modified":"2020-05-25T18:52:40","modified_gmt":"2020-05-25T21:52:40","slug":"covid-19-juiz-de-fora-chega-a-quase-30-mortes-confirmadas","status":"publish","type":"post","link":"https:\/\/diarioregionaldigital.com.br\/?p=160975","title":{"rendered":"Covid-19: Juiz de Fora chega a quase 30 mortes confirmadas"},"content":{"rendered":"<p>A Secretaria de Sa\u00fade (SS) da Prefeitura de Juiz de Fora (PJF), confirmou em boletim divulgado nesta segunda-feira (25), que Juiz de Fora chega a 29 mortes confirmadas:\u00a0uma idosa de 90 anos e morreu na \u00faltima quinta-feira (21), portadora de diabetes mellitus, hipertens\u00e3o arterial sist\u00eamica, doen\u00e7a cardiovascular cr\u00f4nica e doen\u00e7a neurol\u00f3gica cr\u00f4nica. O outro \u00f3bito, ocorrido nesse domingo (24), tamb\u00e9m foi de uma idosa, de 79 anos, portadora de diabete mellitus.<\/p>\n<p>Conforme o levantamento, j\u00e1 s\u00e3o 554 casos confirmados e 4168 s\u00e3o suspeitos.<\/p>\n","protected":false},"excerpt":{"rendered":"<p>A Secretaria de Sa\u00fade (SS) da Prefeitura de Juiz de Fora (PJF), confirmou em boletim divulgado nesta segunda-feira (25), que Juiz de Fora chega a 29 mortes confirmadas:\u00a0uma idosa de 90 anos e morreu na \u00faltima quinta-feira (21), portadora de diabetes mellitus, hipertens\u00e3o arterial sist\u00eamica, doen\u00e7a cardiovascular cr\u00f4nica e doen\u00e7a neurol\u00f3gica cr\u00f4nica. O outro \u00f3bito, [&hellip;]<\/p>\n","protected":false},"author":96,"featured_media":160279,"comment_status":"closed","ping_status":"closed","sticky":false,"template":"","format":"standard","meta":{"footnotes":""},"categories":[253,436,440,439],"tags":[],"class_list":["post-160975","post","type-post","status-publish","format-standard","has-post-thumbnail","hentry","category-cidade","category-destaque-da-semana","category-destaques-do-dia","category-ultima-hora"],"_links":{"self":[{"href":"https:\/\/diarioregionaldigital.com.br\/index.php?rest_route=\/wp\/v2\/posts\/160975","targetHints":{"allow":["GET"]}}],"collection":[{"href":"https:\/\/diarioregionaldigital.com.br\/index.php?rest_route=\/wp\/v2\/posts"}],"about":[{"href":"https:\/\/diarioregionaldigital.com.br\/index.php?rest_route=\/wp\/v2\/types\/post"}],"author":[{"embeddable":true,"href":"https:\/\/diarioregionaldigital.com.br\/index.php?rest_route=\/wp\/v2\/users\/96"}],"replies":[{"embeddable":true,"href":"https:\/\/diarioregionaldigital.com.br\/index.php?rest_route=%2Fwp%2Fv2%2Fcomments&post=160975"}],"version-history":[{"count":0,"href":"https:\/\/diarioregionaldigital.com.br\/index.php?rest_route=\/wp\/v2\/posts\/160975\/revisions"}],"wp:featuredmedia":[{"embeddable":true,"href":"https:\/\/diarioregionaldigital.com.br\/index.php?rest_route=\/wp\/v2\/media\/160279"}],"wp:attachment":[{"href":"https:\/\/diarioregionaldigital.com.br\/index.php?rest_route=%2Fwp%2Fv2%2Fmedia&parent=160975"}],"wp:term":[{"taxonomy":"category","embeddable":true,"href":"https:\/\/diarioregionaldigital.com.br\/index.php?rest_route=%2Fwp%2Fv2%2Fcategories&post=160975"},{"taxonomy":"post_tag","embeddable":true,"href":"https:\/\/diarioregionaldigital.com.br\/index.php?rest_route=%2Fwp%2Fv2%2Ftags&post=160975"}],"curies":[{"name":"wp","href":"https:\/\/api.w.org\/{rel}","templated":true}]}}