{"id":160973,"date":"2020-05-25T18:01:00","date_gmt":"2020-05-25T21:01:00","guid":{"rendered":"https:\/\/diarioregionaldigital.com.br\/?p=160973"},"modified":"2020-05-25T18:01:00","modified_gmt":"2020-05-25T21:01:00","slug":"idosa-e-agredida-durante-assalto-no-alto-dos-passos","status":"publish","type":"post","link":"https:\/\/diarioregionaldigital.com.br\/?p=160973","title":{"rendered":"Idosa \u00e9 agredida durante assalto no Alto dos Passos"},"content":{"rendered":"<p>Uma idosa, acompanhada de sua sobrinha, passava pela Rua Morais e Castro no Bairro Alto dos Passos em Juiz de Fora, quando em um determinado momento perceberam que um indiv\u00edduo estava andando atr\u00e1s delas e de forma repentina. Instantes depois, o autor usou a for\u00e7a f\u00edsica e tentou tomar a bolsa da idosa, no entanto ela reagiu e segurou o objeto. Logo em seguida o infrator desferiu um soco na v\u00edtima e levou o celular. Ap\u00f3s o ato, o autor fugiu em dire\u00e7\u00e3o a Rua Morais e Castro e durante a fuga ele caiu no ch\u00e3o e foi rendido pelas equipes da Pol\u00edcia Militar (PM).<\/p>\n<p>A v\u00edtima foi socorrida\u00a0ao Hospital Santa Casa de Miseric\u00f3rdia com les\u00f5es no nariz, boca e m\u00e3os. O autor foi preso em flagrante delito e conduzido a Delegacia.<\/p>\n","protected":false},"excerpt":{"rendered":"<p>Uma idosa, acompanhada de sua sobrinha, passava pela Rua Morais e Castro no Bairro Alto dos Passos em Juiz de Fora, quando em um determinado momento perceberam que um indiv\u00edduo estava andando atr\u00e1s delas e de forma repentina. Instantes depois, o autor usou a for\u00e7a f\u00edsica e tentou tomar a bolsa da idosa, no entanto [&hellip;]<\/p>\n","protected":false},"author":96,"featured_media":97342,"comment_status":"closed","ping_status":"closed","sticky":false,"template":"","format":"standard","meta":{"footnotes":""},"categories":[301,436,439],"tags":[],"class_list":["post-160973","post","type-post","status-publish","format-standard","has-post-thumbnail","hentry","category-artigos-policiais","category-destaque-da-semana","category-ultima-hora"],"_links":{"self":[{"href":"https:\/\/diarioregionaldigital.com.br\/index.php?rest_route=\/wp\/v2\/posts\/160973","targetHints":{"allow":["GET"]}}],"collection":[{"href":"https:\/\/diarioregionaldigital.com.br\/index.php?rest_route=\/wp\/v2\/posts"}],"about":[{"href":"https:\/\/diarioregionaldigital.com.br\/index.php?rest_route=\/wp\/v2\/types\/post"}],"author":[{"embeddable":true,"href":"https:\/\/diarioregionaldigital.com.br\/index.php?rest_route=\/wp\/v2\/users\/96"}],"replies":[{"embeddable":true,"href":"https:\/\/diarioregionaldigital.com.br\/index.php?rest_route=%2Fwp%2Fv2%2Fcomments&post=160973"}],"version-history":[{"count":0,"href":"https:\/\/diarioregionaldigital.com.br\/index.php?rest_route=\/wp\/v2\/posts\/160973\/revisions"}],"wp:featuredmedia":[{"embeddable":true,"href":"https:\/\/diarioregionaldigital.com.br\/index.php?rest_route=\/wp\/v2\/media\/97342"}],"wp:attachment":[{"href":"https:\/\/diarioregionaldigital.com.br\/index.php?rest_route=%2Fwp%2Fv2%2Fmedia&parent=160973"}],"wp:term":[{"taxonomy":"category","embeddable":true,"href":"https:\/\/diarioregionaldigital.com.br\/index.php?rest_route=%2Fwp%2Fv2%2Fcategories&post=160973"},{"taxonomy":"post_tag","embeddable":true,"href":"https:\/\/diarioregionaldigital.com.br\/index.php?rest_route=%2Fwp%2Fv2%2Ftags&post=160973"}],"curies":[{"name":"wp","href":"https:\/\/api.w.org\/{rel}","templated":true}]}}