{"id":160971,"date":"2020-05-25T17:53:11","date_gmt":"2020-05-25T20:53:11","guid":{"rendered":"https:\/\/diarioregionaldigital.com.br\/?p=160971"},"modified":"2020-05-25T17:53:11","modified_gmt":"2020-05-25T20:53:11","slug":"motocicleta-e-roubada-proxima-a-uma-pizzaria-no-sao-bernardo","status":"publish","type":"post","link":"https:\/\/diarioregionaldigital.com.br\/?p=160971","title":{"rendered":"Motocicleta \u00e9 roubada pr\u00f3xima a uma pizzaria no S\u00e3o Bernardo"},"content":{"rendered":"<p>Um adolescente de 17 anos teve sua motocicleta roubada, pr\u00f3ximo a uma pizzaria no Bairro S\u00e3o Bernardo em Juiz de Fora. A v\u00edtima relatou \u00e0 Pol\u00edcia Militar (PM) que ao sair do estabelecimento,\u00a0percebeu que havia dois indiv\u00edduos em uma motocicleta que parou perto dele. O carona desceu da moto portando uma de arma de fogo anunciando o roubo. Diante dos fatos, os autores levaram a motocicleta da v\u00edtima e fugiram sentido Bairro S\u00e3o Benedito. A PM realizou trabalho de rastreamento mas os suspeitos n\u00e3o foram localizados at\u00e9 ent\u00e3o.<\/p>\n","protected":false},"excerpt":{"rendered":"<p>Um adolescente de 17 anos teve sua motocicleta roubada, pr\u00f3ximo a uma pizzaria no Bairro S\u00e3o Bernardo em Juiz de Fora. A v\u00edtima relatou \u00e0 Pol\u00edcia Militar (PM) que ao sair do estabelecimento,\u00a0percebeu que havia dois indiv\u00edduos em uma motocicleta que parou perto dele. O carona desceu da moto portando uma de arma de fogo [&hellip;]<\/p>\n","protected":false},"author":96,"featured_media":97342,"comment_status":"closed","ping_status":"closed","sticky":false,"template":"","format":"standard","meta":{"footnotes":""},"categories":[301,436,439],"tags":[],"class_list":["post-160971","post","type-post","status-publish","format-standard","has-post-thumbnail","hentry","category-artigos-policiais","category-destaque-da-semana","category-ultima-hora"],"_links":{"self":[{"href":"https:\/\/diarioregionaldigital.com.br\/index.php?rest_route=\/wp\/v2\/posts\/160971","targetHints":{"allow":["GET"]}}],"collection":[{"href":"https:\/\/diarioregionaldigital.com.br\/index.php?rest_route=\/wp\/v2\/posts"}],"about":[{"href":"https:\/\/diarioregionaldigital.com.br\/index.php?rest_route=\/wp\/v2\/types\/post"}],"author":[{"embeddable":true,"href":"https:\/\/diarioregionaldigital.com.br\/index.php?rest_route=\/wp\/v2\/users\/96"}],"replies":[{"embeddable":true,"href":"https:\/\/diarioregionaldigital.com.br\/index.php?rest_route=%2Fwp%2Fv2%2Fcomments&post=160971"}],"version-history":[{"count":0,"href":"https:\/\/diarioregionaldigital.com.br\/index.php?rest_route=\/wp\/v2\/posts\/160971\/revisions"}],"wp:featuredmedia":[{"embeddable":true,"href":"https:\/\/diarioregionaldigital.com.br\/index.php?rest_route=\/wp\/v2\/media\/97342"}],"wp:attachment":[{"href":"https:\/\/diarioregionaldigital.com.br\/index.php?rest_route=%2Fwp%2Fv2%2Fmedia&parent=160971"}],"wp:term":[{"taxonomy":"category","embeddable":true,"href":"https:\/\/diarioregionaldigital.com.br\/index.php?rest_route=%2Fwp%2Fv2%2Fcategories&post=160971"},{"taxonomy":"post_tag","embeddable":true,"href":"https:\/\/diarioregionaldigital.com.br\/index.php?rest_route=%2Fwp%2Fv2%2Ftags&post=160971"}],"curies":[{"name":"wp","href":"https:\/\/api.w.org\/{rel}","templated":true}]}}