{"id":160969,"date":"2020-05-25T17:27:04","date_gmt":"2020-05-25T20:27:04","guid":{"rendered":"https:\/\/diarioregionaldigital.com.br\/?p=160969"},"modified":"2020-05-25T17:27:04","modified_gmt":"2020-05-25T20:27:04","slug":"suspeito-por-fazer-ameacas-ao-prefeito-antonio-almas-e-identificado-pela-pcmg","status":"publish","type":"post","link":"https:\/\/diarioregionaldigital.com.br\/?p=160969","title":{"rendered":"Suspeito por fazer amea\u00e7as ao prefeito Ant\u00f4nio Almas \u00e9 identificado pela PCMG"},"content":{"rendered":"<p><span style=\"font-weight: 400;\">A Pol\u00edcia Civil de Minas Gerais (PCMG), identificou a autoria das amea\u00e7as feitas ao prefeito de Juiz de Fora, Ant\u00f4nio Almas (PSDB), ocorridas no in\u00edcio do m\u00eas de maio em um grupo de WhatsApp. Segundo informa\u00e7\u00f5es, o indiv\u00edduo \u00e9 um homem de 31 anos e \u00e9 propriet\u00e1rio de uma loja.<\/span><\/p>\n<p><span style=\"font-weight: 400;\">Segundo o Delegado Vitor Fiuza, que atua na 7\u00aa Delegacia de Pol\u00edcia Civil, um Termo Circunstanciado de Ocorr\u00eancia (TCO) foi enviado \u00e0 Justi\u00e7a e que durante as investiga\u00e7\u00f5es, a PCMG obteve provas que foram fundamentais para achar a identidade do autor das amea\u00e7as:<\/span><\/p>\n<p><span style=\"font-weight: 400;\">\u201cN\u00f3s conseguimos provas materiais e subjetivas que culminaram na constata\u00e7\u00e3o de que o autor levantado foi quem realmente cometeu as amea\u00e7as investigadas. Durante as dilig\u00eancias, foi apreendido o celular do investigado, mediante ordem judicial por meio de requerimento de busca e apreens\u00e3o solicitado pela autoridade policial e a per\u00edcia constatou as amea\u00e7as por meio de laudo pr\u00f3prio\u201d.<\/span><\/p>\n<p><span style=\"font-weight: 400;\">O Delegado informa que o suspeito homem foi ouvido na Delegacia Regional de Juiz de Fora e confessou ter praticado o delito:<\/span><\/p>\n<p><span style=\"font-weight: 400;\">\u201cEle responder\u00e1 por cometer os crimes de amea\u00e7a e de inj\u00faria. Al\u00e9m disso ele alegou que teria ofendido e amea\u00e7ado dar tiros no prefeito por estar estressado com a situa\u00e7\u00e3o da pandemia e que teria sido um desabafo\u201d, concluiu.<\/span><\/p>\n<p>&nbsp;<\/p>\n<p><span style=\"font-weight: 400;\">\u00a0<\/span><\/p>\n","protected":false},"excerpt":{"rendered":"<p>A Pol\u00edcia Civil de Minas Gerais (PCMG), identificou a autoria das amea\u00e7as feitas ao prefeito de Juiz de Fora, Ant\u00f4nio Almas (PSDB), ocorridas no in\u00edcio do m\u00eas de maio em um grupo de WhatsApp. Segundo informa\u00e7\u00f5es, o indiv\u00edduo \u00e9 um homem de 31 anos e \u00e9 propriet\u00e1rio de uma loja. Segundo o Delegado Vitor Fiuza, [&hellip;]<\/p>\n","protected":false},"author":96,"featured_media":97342,"comment_status":"closed","ping_status":"closed","sticky":false,"template":"","format":"standard","meta":{"footnotes":""},"categories":[301,436,440,439],"tags":[],"class_list":["post-160969","post","type-post","status-publish","format-standard","has-post-thumbnail","hentry","category-artigos-policiais","category-destaque-da-semana","category-destaques-do-dia","category-ultima-hora"],"_links":{"self":[{"href":"https:\/\/diarioregionaldigital.com.br\/index.php?rest_route=\/wp\/v2\/posts\/160969","targetHints":{"allow":["GET"]}}],"collection":[{"href":"https:\/\/diarioregionaldigital.com.br\/index.php?rest_route=\/wp\/v2\/posts"}],"about":[{"href":"https:\/\/diarioregionaldigital.com.br\/index.php?rest_route=\/wp\/v2\/types\/post"}],"author":[{"embeddable":true,"href":"https:\/\/diarioregionaldigital.com.br\/index.php?rest_route=\/wp\/v2\/users\/96"}],"replies":[{"embeddable":true,"href":"https:\/\/diarioregionaldigital.com.br\/index.php?rest_route=%2Fwp%2Fv2%2Fcomments&post=160969"}],"version-history":[{"count":0,"href":"https:\/\/diarioregionaldigital.com.br\/index.php?rest_route=\/wp\/v2\/posts\/160969\/revisions"}],"wp:featuredmedia":[{"embeddable":true,"href":"https:\/\/diarioregionaldigital.com.br\/index.php?rest_route=\/wp\/v2\/media\/97342"}],"wp:attachment":[{"href":"https:\/\/diarioregionaldigital.com.br\/index.php?rest_route=%2Fwp%2Fv2%2Fmedia&parent=160969"}],"wp:term":[{"taxonomy":"category","embeddable":true,"href":"https:\/\/diarioregionaldigital.com.br\/index.php?rest_route=%2Fwp%2Fv2%2Fcategories&post=160969"},{"taxonomy":"post_tag","embeddable":true,"href":"https:\/\/diarioregionaldigital.com.br\/index.php?rest_route=%2Fwp%2Fv2%2Ftags&post=160969"}],"curies":[{"name":"wp","href":"https:\/\/api.w.org\/{rel}","templated":true}]}}