{"id":160966,"date":"2020-05-25T17:17:05","date_gmt":"2020-05-25T20:17:05","guid":{"rendered":"https:\/\/diarioregionaldigital.com.br\/?p=160966"},"modified":"2020-05-25T17:17:05","modified_gmt":"2020-05-25T20:17:05","slug":"mais-de-1600-pessoas-sao-vacinadas-contra-a-influenza-na-ufjf","status":"publish","type":"post","link":"https:\/\/diarioregionaldigital.com.br\/?p=160966","title":{"rendered":"Mais de 1600 pessoas s\u00e3o vacinadas contra a Influenza na UFJF"},"content":{"rendered":"<p><span style=\"font-weight: 400;\">No s\u00e1bado (23), o estacionamento da Faculdade de Letras da Universidade Federal de Juiz de Fora (UFJF), recebeu um total de 1.636 pessoas para serem vacinadas contra a Influenza. <\/span><span style=\"font-weight: 400;\">A vacina\u00e7\u00e3o que foi feita em esquema de drive thru, teve como p\u00fablico-alvo pessoas com 60 anos ou mais; adultos entre 55 e 59 anos; gestantes; pu\u00e9rperas (at\u00e9 45 dias ap\u00f3s o parto); trabalhadores da sa\u00fade; professores de escolas p\u00fablicas e privadas; for\u00e7as de seguran\u00e7a e salvamento; pessoas com doen\u00e7as cr\u00f4nicas n\u00e3o transmiss\u00edveis e outras condi\u00e7\u00f5es cl\u00ednicas especiais.<\/span><\/p>\n<p><span style=\"font-weight: 400;\">Al\u00e9m da a\u00e7\u00e3o realizada na UFJF, a vacina tamb\u00e9m foi oferecida pela PJF, no PAM Marechal, para crian\u00e7as de 6 meses a menores de 6 anos, gestantes e mulheres no p\u00f3s-parto (at\u00e9 45 dias). A campanha continua at\u00e9 5 de junho, com imuniza\u00e7\u00e3o sendo realizada nos postos disponibilizados pela prefeitura. A vacina ofertada \u00e9 a trivalente, que protege contra os tr\u00eas subtipos da influenza: H1N1, H3N2 e B.<\/span><\/p>\n","protected":false},"excerpt":{"rendered":"<p>No s\u00e1bado (23), o estacionamento da Faculdade de Letras da Universidade Federal de Juiz de Fora (UFJF), recebeu um total de 1.636 pessoas para serem vacinadas contra a Influenza. A vacina\u00e7\u00e3o que foi feita em esquema de drive thru, teve como p\u00fablico-alvo pessoas com 60 anos ou mais; adultos entre 55 e 59 anos; gestantes; [&hellip;]<\/p>\n","protected":false},"author":96,"featured_media":160967,"comment_status":"closed","ping_status":"closed","sticky":false,"template":"","format":"standard","meta":{"footnotes":""},"categories":[253,436,439],"tags":[],"class_list":["post-160966","post","type-post","status-publish","format-standard","has-post-thumbnail","hentry","category-cidade","category-destaque-da-semana","category-ultima-hora"],"_links":{"self":[{"href":"https:\/\/diarioregionaldigital.com.br\/index.php?rest_route=\/wp\/v2\/posts\/160966","targetHints":{"allow":["GET"]}}],"collection":[{"href":"https:\/\/diarioregionaldigital.com.br\/index.php?rest_route=\/wp\/v2\/posts"}],"about":[{"href":"https:\/\/diarioregionaldigital.com.br\/index.php?rest_route=\/wp\/v2\/types\/post"}],"author":[{"embeddable":true,"href":"https:\/\/diarioregionaldigital.com.br\/index.php?rest_route=\/wp\/v2\/users\/96"}],"replies":[{"embeddable":true,"href":"https:\/\/diarioregionaldigital.com.br\/index.php?rest_route=%2Fwp%2Fv2%2Fcomments&post=160966"}],"version-history":[{"count":0,"href":"https:\/\/diarioregionaldigital.com.br\/index.php?rest_route=\/wp\/v2\/posts\/160966\/revisions"}],"wp:featuredmedia":[{"embeddable":true,"href":"https:\/\/diarioregionaldigital.com.br\/index.php?rest_route=\/wp\/v2\/media\/160967"}],"wp:attachment":[{"href":"https:\/\/diarioregionaldigital.com.br\/index.php?rest_route=%2Fwp%2Fv2%2Fmedia&parent=160966"}],"wp:term":[{"taxonomy":"category","embeddable":true,"href":"https:\/\/diarioregionaldigital.com.br\/index.php?rest_route=%2Fwp%2Fv2%2Fcategories&post=160966"},{"taxonomy":"post_tag","embeddable":true,"href":"https:\/\/diarioregionaldigital.com.br\/index.php?rest_route=%2Fwp%2Fv2%2Ftags&post=160966"}],"curies":[{"name":"wp","href":"https:\/\/api.w.org\/{rel}","templated":true}]}}