{"id":160963,"date":"2020-05-25T17:09:00","date_gmt":"2020-05-25T20:09:00","guid":{"rendered":"https:\/\/diarioregionaldigital.com.br\/?p=160963"},"modified":"2020-05-25T17:09:00","modified_gmt":"2020-05-25T20:09:00","slug":"governo-de-minas-inicia-segunda-fase-do-plano-de-capacidade-plena-hospitalar","status":"publish","type":"post","link":"https:\/\/diarioregionaldigital.com.br\/?p=160963","title":{"rendered":"Governo de Minas inicia segunda fase do Plano de Capacidade Plena Hospitalar"},"content":{"rendered":"<p>Com objetivo de garantir uma melhor gest\u00e3o de leitos no Hospital Eduardo de Menezes, que integra a\u00a0Funda\u00e7\u00e3o Hospitalar do Estado de Minas Gerais (Fhemig), o secret\u00e1rio de Estado de\u00a0Sa\u00fade\u00a0de Minas Gerais, Carlos Eduardo Amaral, e o presidente da Fhemig, F\u00e1bio Bacheretti, anunciaram em coletiva virtual nesta segunda-feira (25\/5), a segunda fase do Plano de\u00a0Capacidade Plena Hospitalar. A estrat\u00e9gia busca reorganizar o fluxo de atendimento nos hospitais da rede.<\/p>\n<p>F\u00e1bio Bacheretti explicou que a o in\u00edcio da segunda fase est\u00e1 relacionado ao aumento da taxa de ocupa\u00e7\u00e3o de leitos do Hospital Eduardo de Menezes, inteiramente dedicado ao recebimento de pacientes com covid-19. O plano ser\u00e1 posto em pr\u00e1tica a partir desta quarta-feira (27\/5). \u201cA segunda fase corresponde \u00e0 utiliza\u00e7\u00e3o de outra institui\u00e7\u00e3o hospitalar em Belo Horizonte, o Hospital J\u00falia Kubitschek, como um centro de recebimento dos pacientes de enfermaria com suspeita de coronav\u00edrus\u201d, completou.<\/p>\n<p><strong>Fluxo de atendimento<\/strong><\/p>\n<p>A Unidade de Emerg\u00eancia do Hospital J\u00falia Kubitschek ir\u00e1 receber apenas pacientes transferidos pela Central de Interna\u00e7\u00e3o de Belo Horizonte (Cint-BH), de acordo com os crit\u00e9rios estabelecidos pelo protocolo assistencial na Unidade de Emerg\u00eancia, sendo os demais casos absorvidos pelas Unidades de Pronto Atendimento (UPAs), em especial para a UPA Barreiro.<\/p>\n<p>De acordo com o presidente da Fhemig, o foco do Estado est\u00e1 na abertura de leitos de terapia intensiva, uma vez que v\u00e1rios hospitais em Minas possuem leitos de enfermaria ociosos. Isso deve ocorrer, inicialmente, em quatro munic\u00edpios estrat\u00e9gicos: Belo Horizonte, Patos de Minas, Barbacena e Juiz de Fora. \u201cEm Belo Horizonte h\u00e1 a previs\u00e3o de se abrir mais\u00a0dez\u00a0leitos e, posteriormente, mais 12. Com isso, o Hospital Eduardo de Menezes pode chegar a 84 leitos de terapia intensiva e o J\u00falia Kubitschek a 126\u201d, afirmou.<\/p>\n<p><strong>S\u00edndrome Respirat\u00f3ria Aguda Grave<\/strong><\/p>\n<p>Ao longo da coletiva, Carlos Eduardo Amaral destacou que, embora a S\u00edndrome Respirat\u00f3ria Aguda Grave (SRAG) n\u00e3o seja sin\u00f4nimo de covid-19, os casos de SRAG s\u00e3o acompanhados por funcionarem como um sinalizador para as equipes de\u00a0Sa\u00fade. \u201c\u00c9 um indicador de suspeita de migra\u00e7\u00e3o da covid-19 em rela\u00e7\u00e3o \u00e0 sociedade. Acompanhamos as notifica\u00e7\u00f5es, checamos todos os casos notificados e mantemos uma vigil\u00e2ncia intensa com rela\u00e7\u00e3o \u00e0 SRAG\u201d, explica o secret\u00e1rio.<\/p>\n<p>Considerando as redes p\u00fablica e privada, o n\u00famero de exames realizados em Minas Gerais \u00e9, atualmente, de 37.172. O valor corresponde a 176 exames para cada 100 mil habitantes. At\u00e9 o momento, o estado registrou 6.962 casos de covid-19, enquanto 3.265 est\u00e3o em acompanhamento. Al\u00e9m disso, h\u00e1 3.467 casos recuperados e 230 \u00f3bitos confirmados.<\/p>\n<p>&nbsp;<\/p>\n<p><strong>Fonte:\u00a0<\/strong>Ag\u00eancia Minas<\/p>\n","protected":false},"excerpt":{"rendered":"<p>Com objetivo de garantir uma melhor gest\u00e3o de leitos no Hospital Eduardo de Menezes, que integra a\u00a0Funda\u00e7\u00e3o Hospitalar do Estado de Minas Gerais (Fhemig), o secret\u00e1rio de Estado de\u00a0Sa\u00fade\u00a0de Minas Gerais, Carlos Eduardo Amaral, e o presidente da Fhemig, F\u00e1bio Bacheretti, anunciaram em coletiva virtual nesta segunda-feira (25\/5), a segunda fase do Plano de\u00a0Capacidade Plena [&hellip;]<\/p>\n","protected":false},"author":96,"featured_media":160964,"comment_status":"closed","ping_status":"closed","sticky":false,"template":"","format":"standard","meta":{"footnotes":""},"categories":[436,254,439],"tags":[],"class_list":["post-160963","post","type-post","status-publish","format-standard","has-post-thumbnail","hentry","category-destaque-da-semana","category-politica","category-ultima-hora"],"_links":{"self":[{"href":"https:\/\/diarioregionaldigital.com.br\/index.php?rest_route=\/wp\/v2\/posts\/160963","targetHints":{"allow":["GET"]}}],"collection":[{"href":"https:\/\/diarioregionaldigital.com.br\/index.php?rest_route=\/wp\/v2\/posts"}],"about":[{"href":"https:\/\/diarioregionaldigital.com.br\/index.php?rest_route=\/wp\/v2\/types\/post"}],"author":[{"embeddable":true,"href":"https:\/\/diarioregionaldigital.com.br\/index.php?rest_route=\/wp\/v2\/users\/96"}],"replies":[{"embeddable":true,"href":"https:\/\/diarioregionaldigital.com.br\/index.php?rest_route=%2Fwp%2Fv2%2Fcomments&post=160963"}],"version-history":[{"count":0,"href":"https:\/\/diarioregionaldigital.com.br\/index.php?rest_route=\/wp\/v2\/posts\/160963\/revisions"}],"wp:featuredmedia":[{"embeddable":true,"href":"https:\/\/diarioregionaldigital.com.br\/index.php?rest_route=\/wp\/v2\/media\/160964"}],"wp:attachment":[{"href":"https:\/\/diarioregionaldigital.com.br\/index.php?rest_route=%2Fwp%2Fv2%2Fmedia&parent=160963"}],"wp:term":[{"taxonomy":"category","embeddable":true,"href":"https:\/\/diarioregionaldigital.com.br\/index.php?rest_route=%2Fwp%2Fv2%2Fcategories&post=160963"},{"taxonomy":"post_tag","embeddable":true,"href":"https:\/\/diarioregionaldigital.com.br\/index.php?rest_route=%2Fwp%2Fv2%2Ftags&post=160963"}],"curies":[{"name":"wp","href":"https:\/\/api.w.org\/{rel}","templated":true}]}}