{"id":160960,"date":"2020-05-25T17:05:44","date_gmt":"2020-05-25T20:05:44","guid":{"rendered":"https:\/\/diarioregionaldigital.com.br\/?p=160960"},"modified":"2020-05-25T17:05:44","modified_gmt":"2020-05-25T20:05:44","slug":"juiz-de-fora-aumenta-em-cerca-de-42-o-numero-de-leitos-de-uti-no-sus","status":"publish","type":"post","link":"https:\/\/diarioregionaldigital.com.br\/?p=160960","title":{"rendered":"Juiz de Fora aumenta em cerca de 42% o n\u00famero de leitos de UTI no SUS"},"content":{"rendered":"<p><span style=\"font-weight: 400;\">Logo no in\u00edcio de mar\u00e7o, a Prefeitura de Juiz de Fora (PJF) deu in\u00edcio \u00e0s medidas de preven\u00e7\u00e3o para evitar que o sistema de sa\u00fade entrasse em colapso, diante da pandemia do novo coronav\u00edrus (covid-19). Assim, a Secretaria de Sa\u00fade (SS) come\u00e7ou a preparar e adensar sua rede de atendimento. Antes da crise, o Munic\u00edpio tinha 108 leitos de unidades de terapia intensiva (UTIs) p\u00fablicos credenciados. Durante o per\u00edodo de enfrentamento, a capacidade instalada (p\u00fablica) do Sistema \u00danico de Sa\u00fade (SUS) na cidade foi ampliada em cerca de 42%, chegando a 154 leitos.<\/span><\/p>\n<p><span style=\"font-weight: 400;\">O n\u00famero de leitos de UTI come\u00e7ou a subir em mar\u00e7o. No fim daquele m\u00eas foram implementados outros cinco no Hospital Universit\u00e1rio (HU). Em 9 de abril, mais dez, no Hospital de Pronto Socorro \u201cDr. Mozart Teixeira\u201d (HPS). No in\u00edcio de maio, outros 11 adicionados no Hospital Regional \u201cDr. Jo\u00e3o Penido\u201d, e nesta segunda quinzena, 20, no Hospital Maternidade \u201cTherezinha de Jesus\u201d (HMTJ). O quantitativo de leitos de enfermaria tamb\u00e9m subiu. Antes da pandemia eram 857 p\u00fablicos, agora s\u00e3o 906. A rede privada conta com 537 leitos de enfermaria e 91 em UTIs.<\/span><\/p>\n<p><span style=\"font-weight: 400;\">Durante transmiss\u00e3o ao vivo, via redes sociais, nessa segunda-feira (25), o prefeito Ant\u00f4nio Almas, questionado sobre a possibilidade de constru\u00e7\u00e3o de um hospital de campanha, ressaltou que as equipes da PJF trabalham com objetivo de aumentar a capacidade hospitalar instalada. De acordo com ele, criar um novo espa\u00e7o para expans\u00e3o de leitos \u201ccustaria, em m\u00e9dia, R$ 1,5 milh\u00e3o, j\u00e1 que seria necess\u00e1rio montar toda estrutura. A PJF economiza, realizando a amplia\u00e7\u00e3o da rede pr\u00e9-existente\u201d, observou Almas. Esse prop\u00f3sito pode ser comprovado pelo aumento de 42% no n\u00famero de leitos de UTI.<\/span><\/p>\n<p><b>Ades\u00e3o ao \u201cMinas Consciente\u201d<\/b><\/p>\n<p><span style=\"font-weight: 400;\">Na mesma transmiss\u00e3o, Ant\u00f4nio Almas explicou o motivo que levou a cidade a optar pela ades\u00e3o ao programa \u201cMinas Consciente\u201d, do Governo do estado. Segundo o prefeito, Juiz de Fora \u00e9 refer\u00eancia para a Macrorregi\u00e3o Sudeste, composta por 94 munic\u00edpios. Isso significa que todas as medidas tomadas por essas localidades impactam a cidade: \u201cPortanto, a administra\u00e7\u00e3o da PJF entendeu ser necess\u00e1rio um plano regional, uma decis\u00e3o coletiva. O \u00b4Minas Consciente` significa exatamente isso: a oportunidade de fazer alinhamento regional\u201d.<\/span><\/p>\n<p><b>Import\u00e2ncia do isolamento social<\/b><\/p>\n<p><span style=\"font-weight: 400;\">Nessa segunda-feira, a taxa de isolamento social em Juiz de Fora est\u00e1 girando em torno de 52%. A m\u00e9dia, em Minas, \u00e9 de 51,77%. De acordo com Almas, quanto mais cidad\u00e3os se comprometerem com o isolamento, mais r\u00e1pido a cidade pode sair da crise. O prefeito ressaltou que \u201ca experi\u00eancia vivida por outros pa\u00edses evidencia que o isolamento social, por enquanto, \u00e9 a arma mais poderosa contra o coronav\u00edrus\u201d.<\/span><\/p>\n<p><b>Capacidade de testagem<\/b><\/p>\n<p><span style=\"font-weight: 400;\">O Munic\u00edpio ampliou sua capacidade de testagem, com a parceria entre PJF e Universidade Federal de Juiz de Fora (UFJF). At\u00e9 o \u00faltimo domingo, 24, a UFJF havia enviado 671 resultados ao Departamento de Vigil\u00e2ncia Epidemiol\u00f3gica e Ambiental (Dvea), sendo 148 positivos para covid-19. Esses dados passaram a entrar no boletim epidemiol\u00f3gico do Munic\u00edpio em 30 de abril.<\/span><\/p>\n<p><span style=\"font-weight: 400;\">O material \u00e9 coletado por quatro equipes e transportado nas condi\u00e7\u00f5es adequadas para os laborat\u00f3rios, sendo um no Instituto de Ci\u00eancias Biol\u00f3gicas e outro na Faculdade de Farm\u00e1cia.<\/span><\/p>\n<p><span style=\"font-weight: 400;\">O p\u00fablico-alvo s\u00e3o profissionais de sa\u00fade sintom\u00e1tico, entre o terceiro e o d\u00e9cimo dia de sintomas; todos os pacientes internados em \u201cleitos covid\u201d, pactuados com o Munic\u00edpio; os atendidos na aten\u00e7\u00e3o b\u00e1sica, em situa\u00e7\u00e3o de vulnerabilidade (acima de 65 anos, cuidadores de idosos, diab\u00e9ticos, hipertensos descompensados e obesos); e servidores da seguran\u00e7a p\u00fablica, do Departamento Municipal de Limpeza Urbana (Demlurb) e da Companhia de Saneamento Municipal (Cesama).<\/span><\/p>\n<p><b>Transpar\u00eancia dos gastos p\u00fablicos<\/b><\/p>\n<p><span style=\"font-weight: 400;\">Questionado sobre os gastos p\u00fablicos durante a pandemia, Ant\u00f4nio Almas abordou, tamb\u00e9m durante a transmiss\u00e3o, o pre\u00e7o pago em insumos e equipamentos para enfrentamento \u00e0 covid-19. De acordo com o prefeito, \u00e9 necess\u00e1rio se atentar para o per\u00edodo em que as compras s\u00e3o feitas: \u201cNo in\u00edcio da pandemia, o valor dos materiais estava mais alto, o cen\u00e1rio apresentava que todos queriam comprar no mesmo momento\u201d.<\/span><\/p>\n<p><span style=\"font-weight: 400;\">Em uma das compras realizadas pela PJF, foram pagos R$ 30,30 por cada litro de \u00e1lcool em gel. O valor est\u00e1 acima do investimento feito em car\u00e1ter de rotina. Por\u00e9m, foi o menor apresentado pelas cota\u00e7\u00f5es. Um estudo da Ag\u00eancia de Prote\u00e7\u00e3o e Defesa do Consumidor (Procon) de S\u00e3o Paulo revelou que, em mar\u00e7o, cada 400ml do produto custava, em m\u00e9dia, R$ 19. Outro exemplo apontado \u00e9 que, antes da pandemia, era poss\u00edvel comprar uma caixa de m\u00e1scara cir\u00fargica descart\u00e1vel, com 50 unidades, por R$ 4,50. No per\u00edodo da primeira compra, em mar\u00e7o, cada unidade passou a custar, em m\u00e9dia, R$ 4,50.<\/span><\/p>\n<p><span style=\"font-weight: 400;\">Todas as documenta\u00e7\u00f5es de compras feitas pela PJF foram enviadas para an\u00e1lise do Minist\u00e9rio P\u00fablico.<\/span><\/p>\n<p>&nbsp;<\/p>\n<p><strong>Fonte:\u00a0<\/strong>Assessoria<\/p>\n","protected":false},"excerpt":{"rendered":"<p>Logo no in\u00edcio de mar\u00e7o, a Prefeitura de Juiz de Fora (PJF) deu in\u00edcio \u00e0s medidas de preven\u00e7\u00e3o para evitar que o sistema de sa\u00fade entrasse em colapso, diante da pandemia do novo coronav\u00edrus (covid-19). Assim, a Secretaria de Sa\u00fade (SS) come\u00e7ou a preparar e adensar sua rede de atendimento. Antes da crise, o Munic\u00edpio [&hellip;]<\/p>\n","protected":false},"author":96,"featured_media":160961,"comment_status":"closed","ping_status":"closed","sticky":false,"template":"","format":"standard","meta":{"footnotes":""},"categories":[253,436,440,439],"tags":[],"class_list":["post-160960","post","type-post","status-publish","format-standard","has-post-thumbnail","hentry","category-cidade","category-destaque-da-semana","category-destaques-do-dia","category-ultima-hora"],"_links":{"self":[{"href":"https:\/\/diarioregionaldigital.com.br\/index.php?rest_route=\/wp\/v2\/posts\/160960","targetHints":{"allow":["GET"]}}],"collection":[{"href":"https:\/\/diarioregionaldigital.com.br\/index.php?rest_route=\/wp\/v2\/posts"}],"about":[{"href":"https:\/\/diarioregionaldigital.com.br\/index.php?rest_route=\/wp\/v2\/types\/post"}],"author":[{"embeddable":true,"href":"https:\/\/diarioregionaldigital.com.br\/index.php?rest_route=\/wp\/v2\/users\/96"}],"replies":[{"embeddable":true,"href":"https:\/\/diarioregionaldigital.com.br\/index.php?rest_route=%2Fwp%2Fv2%2Fcomments&post=160960"}],"version-history":[{"count":0,"href":"https:\/\/diarioregionaldigital.com.br\/index.php?rest_route=\/wp\/v2\/posts\/160960\/revisions"}],"wp:featuredmedia":[{"embeddable":true,"href":"https:\/\/diarioregionaldigital.com.br\/index.php?rest_route=\/wp\/v2\/media\/160961"}],"wp:attachment":[{"href":"https:\/\/diarioregionaldigital.com.br\/index.php?rest_route=%2Fwp%2Fv2%2Fmedia&parent=160960"}],"wp:term":[{"taxonomy":"category","embeddable":true,"href":"https:\/\/diarioregionaldigital.com.br\/index.php?rest_route=%2Fwp%2Fv2%2Fcategories&post=160960"},{"taxonomy":"post_tag","embeddable":true,"href":"https:\/\/diarioregionaldigital.com.br\/index.php?rest_route=%2Fwp%2Fv2%2Ftags&post=160960"}],"curies":[{"name":"wp","href":"https:\/\/api.w.org\/{rel}","templated":true}]}}