{"id":160957,"date":"2020-05-25T16:15:04","date_gmt":"2020-05-25T19:15:04","guid":{"rendered":"https:\/\/diarioregionaldigital.com.br\/?p=160957"},"modified":"2020-05-25T16:15:04","modified_gmt":"2020-05-25T19:15:04","slug":"conmebol-retoma-atividades-na-sede-no-paraguai","status":"publish","type":"post","link":"https:\/\/diarioregionaldigital.com.br\/?p=160957","title":{"rendered":"Conmebol retoma atividades na sede no Paraguai"},"content":{"rendered":"<p>A Confedera\u00e7\u00e3o Sul-Americana de Futebol (Conmebol), anunciou nessa segunda-feira (25), a retomada de suas presenciais atividades na sede em Luque no Paraguai. O an\u00fancio foi feito pelo presidente da entidade Alejandro Dom\u00ednguez atrav\u00e9s de uma rede social e o mandat\u00e1rio diz que projeta o retorno do futebol pelo continente mas prioriza a sa\u00fade em meio a epidemia do Coronav\u00edrus:<\/p>\n<p>\u201cEstamos trabalhando fortemente em conjunto com todos os pa\u00edses porque nossa \u00fanica obsess\u00e3o \u00e9 que a bola siga rolando. Com a ordem de prioridades: primeiro a sa\u00fade e depois a competi\u00e7\u00e3o.\u201d<\/p>\n<p>Em nota o mandat\u00e1rio fala sobre o retorno das atividades presenciais na sede da entidade e tamb\u00e9m faz um resumo desde o dia em que anunciou a paralisa\u00e7\u00e3o da Copa Libertadores e Sul-Americana:<\/p>\n<p><em>\u201cH\u00e1 mais de dois meses, por causa dessa quest\u00e3o do coronav\u00edrus, tomamos a decis\u00e3o de parar a Libertadores e a Sul-Americana. E tamb\u00e9m tomamos a decis\u00e3o de fechar os escrit\u00f3rios e de cuidar e precautelar cada uma das vidas, da sa\u00fade das pessoas que trabalham aqui. Passou o tempo, fomos para nossas casas, fomos obedientes em receber e aceitar o que nossas autoridades sanit\u00e1rias nos recomendaram. Jogamos como local, mas seguimos trabalhando de casa.<\/em><\/p>\n<p><em>Agora estamos de volta \u00e0 oficina com um s\u00f3 compromisso: fazer com que, o mais r\u00e1pido poss\u00edvel, possamos voltar a colocar a Copa Conmebol Libertadores da Am\u00e9rica e a Copa Sul-Americana a jogar novamente. Estamos trabalhando fortemente em conjunto com todos os pa\u00edses porque nossa \u00fanica obsess\u00e3o \u00e9 que a bola siga rolando. Com a ordem de prioridades: primeiro a sa\u00fade e depois a competi\u00e7\u00e3o.<\/em><\/p>\n<p><em>E quero deixar a mensagem: que n\u00f3s temos esse compromisso e v\u00e3o ser disputados ambos os campeonatos e ser\u00e3o encerrados (no campo). Cuidem-se, pois o mais importante \u00e9 que, quando voltarmos, estejamos todos juntos&#8221;.<\/em><\/p>\n<p><strong>\u00a0\u00a0\u00a0\u00a0\u00a0\u00a0\u00a0\u00a0\u00a0 <\/strong><\/p>\n<p><em>\u00a0<\/em><\/p>\n<p><em>\u00a0<\/em><\/p>\n","protected":false},"excerpt":{"rendered":"<p>A Confedera\u00e7\u00e3o Sul-Americana de Futebol (Conmebol), anunciou nessa segunda-feira (25), a retomada de suas presenciais atividades na sede em Luque no Paraguai. O an\u00fancio foi feito pelo presidente da entidade Alejandro Dom\u00ednguez atrav\u00e9s de uma rede social e o mandat\u00e1rio diz que projeta o retorno do futebol pelo continente mas prioriza a sa\u00fade em meio [&hellip;]<\/p>\n","protected":false},"author":96,"featured_media":160958,"comment_status":"closed","ping_status":"closed","sticky":false,"template":"","format":"standard","meta":{"footnotes":""},"categories":[436,257,439],"tags":[],"class_list":["post-160957","post","type-post","status-publish","format-standard","has-post-thumbnail","hentry","category-destaque-da-semana","category-esporte","category-ultima-hora"],"_links":{"self":[{"href":"https:\/\/diarioregionaldigital.com.br\/index.php?rest_route=\/wp\/v2\/posts\/160957","targetHints":{"allow":["GET"]}}],"collection":[{"href":"https:\/\/diarioregionaldigital.com.br\/index.php?rest_route=\/wp\/v2\/posts"}],"about":[{"href":"https:\/\/diarioregionaldigital.com.br\/index.php?rest_route=\/wp\/v2\/types\/post"}],"author":[{"embeddable":true,"href":"https:\/\/diarioregionaldigital.com.br\/index.php?rest_route=\/wp\/v2\/users\/96"}],"replies":[{"embeddable":true,"href":"https:\/\/diarioregionaldigital.com.br\/index.php?rest_route=%2Fwp%2Fv2%2Fcomments&post=160957"}],"version-history":[{"count":0,"href":"https:\/\/diarioregionaldigital.com.br\/index.php?rest_route=\/wp\/v2\/posts\/160957\/revisions"}],"wp:featuredmedia":[{"embeddable":true,"href":"https:\/\/diarioregionaldigital.com.br\/index.php?rest_route=\/wp\/v2\/media\/160958"}],"wp:attachment":[{"href":"https:\/\/diarioregionaldigital.com.br\/index.php?rest_route=%2Fwp%2Fv2%2Fmedia&parent=160957"}],"wp:term":[{"taxonomy":"category","embeddable":true,"href":"https:\/\/diarioregionaldigital.com.br\/index.php?rest_route=%2Fwp%2Fv2%2Fcategories&post=160957"},{"taxonomy":"post_tag","embeddable":true,"href":"https:\/\/diarioregionaldigital.com.br\/index.php?rest_route=%2Fwp%2Fv2%2Ftags&post=160957"}],"curies":[{"name":"wp","href":"https:\/\/api.w.org\/{rel}","templated":true}]}}