{"id":160954,"date":"2020-05-25T16:13:53","date_gmt":"2020-05-25T19:13:53","guid":{"rendered":"https:\/\/diarioregionaldigital.com.br\/?p=160954"},"modified":"2020-05-25T16:13:53","modified_gmt":"2020-05-25T19:13:53","slug":"federacao-internacional-de-natacao-altera-data-de-realizacao-do-campeonato-mundial-de-piscina-curta","status":"publish","type":"post","link":"https:\/\/diarioregionaldigital.com.br\/?p=160954","title":{"rendered":"Federa\u00e7\u00e3o Internacional de Nata\u00e7\u00e3o altera data de realiza\u00e7\u00e3o do campeonato mundial de piscina curta"},"content":{"rendered":"<p><span style=\"font-weight: 400;\">A Federa\u00e7\u00e3o Internacional de Nata\u00e7\u00e3o (FINA), anunciou o adiamento do Campeonato Mundial de Piscina Curta, que seria realizada em dezembro deste ano em Abu Dhabi nos Emirados \u00c1rabes Unidos. Por conta da epidemia do Coronav\u00edrus, o campeonato foi adiado para entre os dias 10 e 12 de dezembro de 2021.<\/span><\/p>\n<p><span style=\"font-weight: 400;\">A altera\u00e7\u00e3o da data do Campeonato Mundial de Nata\u00e7\u00e3o em piscina curta \u00e9 mais uma das mudan\u00e7as causadas pela pandemia do novo coronav\u00edrus. Antes, a Fina j\u00e1 havia mudado o per\u00edodo de realiza\u00e7\u00e3o do Campeonato Mundial de Esportes Aqu\u00e1ticos de Fukuoka e os Pr\u00e9-Ol\u00edmpicos de Nado Art\u00edstico, Saltos Ornamentais e Maratonas Aqu\u00e1ticas.\u00a0<\/span><\/p>\n<p>&nbsp;<\/p>\n","protected":false},"excerpt":{"rendered":"<p>A Federa\u00e7\u00e3o Internacional de Nata\u00e7\u00e3o (FINA), anunciou o adiamento do Campeonato Mundial de Piscina Curta, que seria realizada em dezembro deste ano em Abu Dhabi nos Emirados \u00c1rabes Unidos. Por conta da epidemia do Coronav\u00edrus, o campeonato foi adiado para entre os dias 10 e 12 de dezembro de 2021. A altera\u00e7\u00e3o da data do [&hellip;]<\/p>\n","protected":false},"author":96,"featured_media":160955,"comment_status":"closed","ping_status":"closed","sticky":false,"template":"","format":"standard","meta":{"footnotes":""},"categories":[436,257,439],"tags":[],"class_list":["post-160954","post","type-post","status-publish","format-standard","has-post-thumbnail","hentry","category-destaque-da-semana","category-esporte","category-ultima-hora"],"_links":{"self":[{"href":"https:\/\/diarioregionaldigital.com.br\/index.php?rest_route=\/wp\/v2\/posts\/160954","targetHints":{"allow":["GET"]}}],"collection":[{"href":"https:\/\/diarioregionaldigital.com.br\/index.php?rest_route=\/wp\/v2\/posts"}],"about":[{"href":"https:\/\/diarioregionaldigital.com.br\/index.php?rest_route=\/wp\/v2\/types\/post"}],"author":[{"embeddable":true,"href":"https:\/\/diarioregionaldigital.com.br\/index.php?rest_route=\/wp\/v2\/users\/96"}],"replies":[{"embeddable":true,"href":"https:\/\/diarioregionaldigital.com.br\/index.php?rest_route=%2Fwp%2Fv2%2Fcomments&post=160954"}],"version-history":[{"count":0,"href":"https:\/\/diarioregionaldigital.com.br\/index.php?rest_route=\/wp\/v2\/posts\/160954\/revisions"}],"wp:featuredmedia":[{"embeddable":true,"href":"https:\/\/diarioregionaldigital.com.br\/index.php?rest_route=\/wp\/v2\/media\/160955"}],"wp:attachment":[{"href":"https:\/\/diarioregionaldigital.com.br\/index.php?rest_route=%2Fwp%2Fv2%2Fmedia&parent=160954"}],"wp:term":[{"taxonomy":"category","embeddable":true,"href":"https:\/\/diarioregionaldigital.com.br\/index.php?rest_route=%2Fwp%2Fv2%2Fcategories&post=160954"},{"taxonomy":"post_tag","embeddable":true,"href":"https:\/\/diarioregionaldigital.com.br\/index.php?rest_route=%2Fwp%2Fv2%2Ftags&post=160954"}],"curies":[{"name":"wp","href":"https:\/\/api.w.org\/{rel}","templated":true}]}}