{"id":160949,"date":"2020-05-25T15:56:12","date_gmt":"2020-05-25T18:56:12","guid":{"rendered":"https:\/\/diarioregionaldigital.com.br\/?p=160949"},"modified":"2020-05-25T16:12:30","modified_gmt":"2020-05-25T19:12:30","slug":"morre-aos-63-anos-o-ex-tecnico-vadao-comandante-da-selecao-feminina","status":"publish","type":"post","link":"https:\/\/diarioregionaldigital.com.br\/?p=160949","title":{"rendered":"Morre aos 63 anos o ex-t\u00e9cnico Vad\u00e3o, comandante da sele\u00e7\u00e3o feminina"},"content":{"rendered":"<p><span style=\"font-weight: 400;\">Morreu nessa segunda-feira (25) aos 63 anos, o ex-t\u00e9cnico da sele\u00e7\u00e3o feminina Vad\u00e3o, v\u00edtima de c\u00e2ncer no f\u00edgado e desde semana passada estava internado no Hospital Albert Einstein em S\u00e3o Paulo. Ao longo dos 34 anos dedicados \u00e0s quatro linhas, Vad\u00e3o esteve no comando da Sele\u00e7\u00e3o Brasileira de Futebol Feminino, al\u00e9m de equipes nacionais como Atlhetico Paranaense, Corinthians, Guarani, S\u00e3o Paulo e Ponte Preta e tamb\u00e9m trabalhou no Tokyo Verdi do Jap\u00e3o. O \u00faltimo trabalho foi a frente da equipe Canarinho na Copa do Mundo da Fran\u00e7a 2019.<\/span><\/p>\n<p><span style=\"font-weight: 400;\">Vad\u00e3o teve duas passagens pela Sele\u00e7\u00e3o Brasileira, totalizando quatro anos e quatro meses de trabalho. O t\u00e9cnico foi importante pe\u00e7a na reestrutura\u00e7\u00e3o da equipe feminina ao liderar um trabalho que culminou no quarto lugar nos Jogos Ol\u00edmpicos Rio 2016. Al\u00e9m da conquista de duas Copas Am\u00e9ricas, em 2014 e 2018, e a medalha de ouro nos Jogos Pan-Americanos de Toronto 2015.<\/span><\/p>\n<p><span style=\"font-weight: 400;\">Tamb\u00e9m liderou a Canarinho em duas Copas do Mundo, no Canad\u00e1 em 2015 e Fran\u00e7a 2019. O trabalho foi reconhecido pela FIFA e, em duas oportunidades, Vad\u00e3o concorreu ao t\u00edtulo de Melhor Treinador do Mundo, nas temporadas 2015\/16 e 2017\/18.<\/span><\/p>\n<p><span style=\"font-weight: 400;\">Como jogador profissional, atuou como meio-campista em clubes do interior paulista at\u00e9 os 28 anos, quando encerrou sua carreira e passou a dedicar-se ao curso de Educa\u00e7\u00e3o F\u00edsica, pela Faculdade Funda\u00e7\u00e3o Karnic Bazarian, em Itapetininga (SP).\u00a0<\/span><\/p>\n<p><span style=\"font-weight: 400;\">Ap\u00f3s exercer seu trabalho como t\u00e9cnico de futebol profissional, Vad\u00e3o foi condecorado com a Licen\u00e7a Honor\u00e1ria da CBF Academy, em 2018 e no mesmo ano concluiu o curso da Licen\u00e7a PRO, a mais alta gradua\u00e7\u00e3o de um t\u00e9cnico no futebol brasileiro.<\/span><\/p>\n<p><strong>Homenagens ao treinador<\/strong><\/p>\n<p>Camisa 10 e a maior jogadora da hist\u00f3ria da Sele\u00e7\u00e3o Feminina, Marta lamentou a morte do t\u00e9cnico Vad\u00e3o e prestou homenagem em uma postagem de uma rede social:<\/p>\n<p>\u201cV\u00e1 em paz professor, sua miss\u00e3o nessa terra voc\u00ea cumpriu e com muito \u00eaxito. Desconhe\u00e7o qualquer ser humano igual, voc\u00ea soube viver a vida de maneira digna e honestamente, orgulho demais de ter vivido momentos maravilhosos ao seu lado e ter tido a oportunidade de aprender muito. Obrigada por tudo e descanse em paz.\u201d<\/p>\n<p>Outra jogadora que prestou homenagens ao ex-treinador da Sele\u00e7\u00e3o foi a atacante Cristiane:<\/p>\n<p>&#8220;Eu estou tentando assimilar e entender a sua partida t\u00e3o cedo! Tem pessoas que entram nas nossas vidas de uma maneira que nem sempre esperamos, pessoas que em t\u00e3o pouco tempo tornam-se como da nossa fam\u00edlia. Voc\u00ea era uma pessoa absurdamente bondosa, de um cora\u00e7\u00e3o gigante, que tentava abra\u00e7ar todo mundo. Voc\u00ea adorava esse bonezinho rs, ra sua marca! Gostava de papear, sorria das bobagens do Vaguinho e sempre nos olhava com olhar sereno. Foram raras as vezes que vc \u201cbrigou\u201d com a gente, at\u00e9 seu chacoalh\u00e3o era na \u201cpaz\u201d rs. Sua passagem nessa vida foi linda! Voc\u00ea era pai, amigo, professor e parceiro de todos a sua volta. Que a\u00ed de cima voc\u00ea seja cuidado por Deus e aqui de baixo eu SEMPRE vou guardar voc\u00ea na minha vida e no meu cora\u00e7\u00e3o! Obrigada por ser luz e amor. TE AMO PROFESSOR.&#8221;<\/p>\n<p><b>T\u00edtulos conquistados por Vad\u00e3o<\/b><\/p>\n<p><b>Sele\u00e7\u00e3o Brasileira Feminina<\/b><\/p>\n<p><span style=\"font-weight: 400;\">Copa Am\u00e9rica do Equador 2014 e Chile 2018<\/span><\/p>\n<p><span style=\"font-weight: 400;\">Medalha de ouro nos Jogos Pan-Americanos de Toronto 2015<\/span><\/p>\n<p><b>Crici\u00fama<\/b><\/p>\n<p><span style=\"font-weight: 400;\">Campeonato Catarinense 2013<\/span><\/p>\n<p><b>Tokyo Verdy<\/b><\/p>\n<p><span style=\"font-weight: 400;\">Supercopa do Jap\u00e3o\u00a0 2005<\/span><\/p>\n<p><b>S\u00e3o Paulo<\/b><\/p>\n<p><span style=\"font-weight: 400;\">Torneio Rio-S\u00e3o Paulo 2001<\/span><\/p>\n<p><b>Atlhetico Paranaense<\/b><\/p>\n<p><span style=\"font-weight: 400;\">Campeonato Paranaense 2000<\/span><\/p>\n<p><b>XV de Piracicaba<\/b><\/p>\n<p><span style=\"font-weight: 400;\">Campeonato Brasileiro S\u00e9rie C 1995<\/span><\/p>\n<p>&nbsp;<\/p>\n","protected":false},"excerpt":{"rendered":"<p>Morreu nessa segunda-feira (25) aos 63 anos, o ex-t\u00e9cnico da sele\u00e7\u00e3o feminina Vad\u00e3o, v\u00edtima de c\u00e2ncer no f\u00edgado e desde semana passada estava internado no Hospital Albert Einstein em S\u00e3o Paulo. Ao longo dos 34 anos dedicados \u00e0s quatro linhas, Vad\u00e3o esteve no comando da Sele\u00e7\u00e3o Brasileira de Futebol Feminino, al\u00e9m de equipes nacionais como [&hellip;]<\/p>\n","protected":false},"author":96,"featured_media":160950,"comment_status":"closed","ping_status":"closed","sticky":false,"template":"","format":"standard","meta":{"footnotes":""},"categories":[436,257,439],"tags":[],"class_list":["post-160949","post","type-post","status-publish","format-standard","has-post-thumbnail","hentry","category-destaque-da-semana","category-esporte","category-ultima-hora"],"_links":{"self":[{"href":"https:\/\/diarioregionaldigital.com.br\/index.php?rest_route=\/wp\/v2\/posts\/160949","targetHints":{"allow":["GET"]}}],"collection":[{"href":"https:\/\/diarioregionaldigital.com.br\/index.php?rest_route=\/wp\/v2\/posts"}],"about":[{"href":"https:\/\/diarioregionaldigital.com.br\/index.php?rest_route=\/wp\/v2\/types\/post"}],"author":[{"embeddable":true,"href":"https:\/\/diarioregionaldigital.com.br\/index.php?rest_route=\/wp\/v2\/users\/96"}],"replies":[{"embeddable":true,"href":"https:\/\/diarioregionaldigital.com.br\/index.php?rest_route=%2Fwp%2Fv2%2Fcomments&post=160949"}],"version-history":[{"count":0,"href":"https:\/\/diarioregionaldigital.com.br\/index.php?rest_route=\/wp\/v2\/posts\/160949\/revisions"}],"wp:featuredmedia":[{"embeddable":true,"href":"https:\/\/diarioregionaldigital.com.br\/index.php?rest_route=\/wp\/v2\/media\/160950"}],"wp:attachment":[{"href":"https:\/\/diarioregionaldigital.com.br\/index.php?rest_route=%2Fwp%2Fv2%2Fmedia&parent=160949"}],"wp:term":[{"taxonomy":"category","embeddable":true,"href":"https:\/\/diarioregionaldigital.com.br\/index.php?rest_route=%2Fwp%2Fv2%2Fcategories&post=160949"},{"taxonomy":"post_tag","embeddable":true,"href":"https:\/\/diarioregionaldigital.com.br\/index.php?rest_route=%2Fwp%2Fv2%2Ftags&post=160949"}],"curies":[{"name":"wp","href":"https:\/\/api.w.org\/{rel}","templated":true}]}}