{"id":160946,"date":"2020-05-25T15:31:13","date_gmt":"2020-05-25T18:31:13","guid":{"rendered":"https:\/\/diarioregionaldigital.com.br\/?p=160946"},"modified":"2020-05-25T15:31:13","modified_gmt":"2020-05-25T18:31:13","slug":"cob-atraves-do-transforma-doa-mascaras-e-cestas-basicas-aos-funcionarios-professores-e-alunos-de-quatro-escolas-municipais-olimpicas","status":"publish","type":"post","link":"https:\/\/diarioregionaldigital.com.br\/?p=160946","title":{"rendered":"COB, atrav\u00e9s do Transforma, doa m\u00e1scaras e cestas b\u00e1sicas aos funcion\u00e1rios, professores e alunos de quatro Escolas Municipais Ol\u00edmpicas"},"content":{"rendered":"<p><span style=\"font-weight: 400;\">A pandemia do novo coronav\u00edrus imp\u00f4s o isolamento social e levou ao fechamento das escolas em todo o pa\u00eds. As orienta\u00e7\u00f5es dos \u00f3rg\u00e3os governamentais e da Organiza\u00e7\u00e3o Mundial da Sa\u00fade nos mostram que o momento de enfrentamento da doen\u00e7a requer uni\u00e3o para se ter \u00eaxito nessa batalha. Atento aos acontecimentos e \u00e0s necessidades de seus diversos p\u00fablicos e sociedade, o Comit\u00ea Ol\u00edmpico do Brasil (COB), atrav\u00e9s do Transforma, programa de promo\u00e7\u00e3o dos Valores Ol\u00edmpicos, iniciou no s\u00e1bado (23), a doa\u00e7\u00e3o de m\u00e1scaras e de cerca de 1.400 cestas b\u00e1sicas aos professores, funcion\u00e1rios e familiares dos alunos de quatro Escolas Municipais Ol\u00edmpicas Cariocas (EMOCs). Essas escolas trabalham com metodologia do Transforma desde 2019.<\/span><\/p>\n<p><span style=\"font-weight: 400;\">\u201cAcreditamos, mais do que nunca, que precisamos estar pr\u00f3ximos e unidos a fim de vencer esse momento dif\u00edcil da nossa hist\u00f3ria. A doa\u00e7\u00e3o de cestas b\u00e1sicas e m\u00e1scaras a todos os professores, funcion\u00e1rios e fam\u00edlias dos alunos das quatro Escolas Municipais Ol\u00edmpicas Cariocas reflete o esp\u00edrito de colabora\u00e7\u00e3o pregado pela filosofia do Olimpismo. O COB acredita no poder de transforma\u00e7\u00e3o desse trabalho em rede com a comunidade escolar, parceira do Transforma. Esperamos, em breve, que possamos nos reencontrar presencialmente!\u201d, disse o presidente do COB, Paulo Wanderley Teixeira.<\/span><\/p>\n<p><span style=\"font-weight: 400;\">As cestas b\u00e1sicas e as m\u00e1scaras ser\u00e3o entregues \u00e0s Escolas, que far\u00e3o a distribui\u00e7\u00e3o seguindo um protocolo que prev\u00ea fluxo e dist\u00e2ncias adequadas. Cada fam\u00edlia receber\u00e1 quatro m\u00e1scaras.\u00a0<\/span><\/p>\n<p><span style=\"font-weight: 400;\">O Programa Transforma leva para as escolas a tem\u00e1tica ol\u00edmpica no ambiente escolar, passando por todas as disciplinas, proporcionando aos alunos do 1\u00ba ao 5\u00ba ano do Ensino Fundamental das EMOCs o desenvolvimento de habilidades socioemocionais atrav\u00e9s dos Valores Ol\u00edmpicos, que s\u00e3o amizade, respeito e excel\u00eancia. A iniciativa \u00e9 uma parceria entre a Secretaria Municipal de Educa\u00e7\u00e3o do Rio de Janeiro e o COB firmada em 2018.<\/span><\/p>\n<p><b>Outras a\u00e7\u00f5es do COB<\/b><\/p>\n<p><span style=\"font-weight: 400;\">Al\u00e9m das doa\u00e7\u00f5es para as EMOCs, o COB est\u00e1 desenvolvendo outras a\u00e7\u00f5es voltadas \u00e0 sociedade durante a pandemia, fora diversas medidas de prote\u00e7\u00e3o ao sistema esportivo nacional. Entre elas:<\/span><\/p>\n<ul>\n<li><span style=\"font-weight: 400;\"> Campanhas digitais para conscientiza\u00e7\u00e3o dos protocolos de preven\u00e7\u00e3o ao novo coronav\u00edrus (#Um\u00danicoTime e #TimeBrasilemCasa);<\/span><\/li>\n<li><span style=\"font-weight: 400;\"> Cria\u00e7\u00e3o de material l\u00fadico disponibilizado gratuitamente pelo site e redes sociais do COB para crian\u00e7as (cadernos de colorir e passatempo);<\/span><\/li>\n<li><span style=\"font-weight: 400;\"> Apoio institucional na campanha #VencendoJuntos, que est\u00e1 unindo o esporte. O projeto busca arrecadar R$ 10 milh\u00f5es em doa\u00e7\u00f5es de cestas b\u00e1sicas para 33 mil fam\u00edlias durante 3 meses.<\/span><\/li>\n<\/ul>\n<p>&nbsp;<\/p>\n<p><strong>Fonte:\u00a0<\/strong>COB<\/p>\n","protected":false},"excerpt":{"rendered":"<p>A pandemia do novo coronav\u00edrus imp\u00f4s o isolamento social e levou ao fechamento das escolas em todo o pa\u00eds. As orienta\u00e7\u00f5es dos \u00f3rg\u00e3os governamentais e da Organiza\u00e7\u00e3o Mundial da Sa\u00fade nos mostram que o momento de enfrentamento da doen\u00e7a requer uni\u00e3o para se ter \u00eaxito nessa batalha. Atento aos acontecimentos e \u00e0s necessidades de seus [&hellip;]<\/p>\n","protected":false},"author":96,"featured_media":160947,"comment_status":"closed","ping_status":"closed","sticky":false,"template":"","format":"standard","meta":{"footnotes":""},"categories":[436,257,439],"tags":[],"class_list":["post-160946","post","type-post","status-publish","format-standard","has-post-thumbnail","hentry","category-destaque-da-semana","category-esporte","category-ultima-hora"],"_links":{"self":[{"href":"https:\/\/diarioregionaldigital.com.br\/index.php?rest_route=\/wp\/v2\/posts\/160946","targetHints":{"allow":["GET"]}}],"collection":[{"href":"https:\/\/diarioregionaldigital.com.br\/index.php?rest_route=\/wp\/v2\/posts"}],"about":[{"href":"https:\/\/diarioregionaldigital.com.br\/index.php?rest_route=\/wp\/v2\/types\/post"}],"author":[{"embeddable":true,"href":"https:\/\/diarioregionaldigital.com.br\/index.php?rest_route=\/wp\/v2\/users\/96"}],"replies":[{"embeddable":true,"href":"https:\/\/diarioregionaldigital.com.br\/index.php?rest_route=%2Fwp%2Fv2%2Fcomments&post=160946"}],"version-history":[{"count":0,"href":"https:\/\/diarioregionaldigital.com.br\/index.php?rest_route=\/wp\/v2\/posts\/160946\/revisions"}],"wp:featuredmedia":[{"embeddable":true,"href":"https:\/\/diarioregionaldigital.com.br\/index.php?rest_route=\/wp\/v2\/media\/160947"}],"wp:attachment":[{"href":"https:\/\/diarioregionaldigital.com.br\/index.php?rest_route=%2Fwp%2Fv2%2Fmedia&parent=160946"}],"wp:term":[{"taxonomy":"category","embeddable":true,"href":"https:\/\/diarioregionaldigital.com.br\/index.php?rest_route=%2Fwp%2Fv2%2Fcategories&post=160946"},{"taxonomy":"post_tag","embeddable":true,"href":"https:\/\/diarioregionaldigital.com.br\/index.php?rest_route=%2Fwp%2Fv2%2Ftags&post=160946"}],"curies":[{"name":"wp","href":"https:\/\/api.w.org\/{rel}","templated":true}]}}