{"id":160943,"date":"2020-05-25T14:58:14","date_gmt":"2020-05-25T17:58:14","guid":{"rendered":"https:\/\/diarioregionaldigital.com.br\/?p=160943"},"modified":"2020-05-25T14:58:14","modified_gmt":"2020-05-25T17:58:14","slug":"ufjf-recebe-doacao-de-macacoes-de-seguranca-para-coletas-e-testes-de-covid-19","status":"publish","type":"post","link":"https:\/\/diarioregionaldigital.com.br\/?p=160943","title":{"rendered":"UFJF recebe doa\u00e7\u00e3o de macac\u00f5es de seguran\u00e7a para coletas e testes de Covid-19"},"content":{"rendered":"<p><span style=\"font-weight: 400;\">Profissionais da Universidade Federal de Juiz de Fora (UFJF), dedicados aos testes para diagn\u00f3stico de Covid-19, receberam a doa\u00e7\u00e3o de 40 macac\u00f5es de prote\u00e7\u00e3o feita pelo Col\u00e9gio Equipe. \u201cOs equipamentos s\u00e3o reutiliz\u00e1veis e, portanto, t\u00eam maior dura\u00e7\u00e3o desde que adotados os processos de higieniza\u00e7\u00e3o\u201d, explica o diretor do Instituto de Ci\u00eancias Biol\u00f3gicas (ICB), Lyderson Viccini.<\/span><\/p>\n<p><span style=\"font-weight: 400;\">Os macac\u00f5es de prote\u00e7\u00e3o individual s\u00e3o aprovados para a seguran\u00e7a dos usu\u00e1rios em procedimentos como o processamento de exames de Covid-19.\u00a0 \u201cEles devem ser utilizados tanto nos testes quanto, possivelmente, pela equipe de coleta de amostras\u201d, elabora Viccini. Desde 17 de abril, a UFJF, em parceria com a Prefeitura de Juiz de Fora, recebe amostras para realizar testes para o diagn\u00f3stico de Covid-19. S\u00e3o dois laborat\u00f3rios qualificados para efetuar os exames, um no Instituto de Ci\u00eancias Biol\u00f3gicas e outro na Faculdade de Farm\u00e1cia. Somada, a capacidade de ambos \u00e9 de cem testes di\u00e1rios, com o resultado dispon\u00edvel em at\u00e9 48 horas ap\u00f3s o recebimento das amostras dos pacientes.\u00a0<\/span><\/p>\n<p><span style=\"font-weight: 400;\">Os laborat\u00f3rios passaram por uma inspe\u00e7\u00e3o da Vigil\u00e2ncia Sanit\u00e1ria e foram devidamente credenciados, recebendo alvar\u00e1 para o funcionamento e efetiva\u00e7\u00e3o dos testes.\u00a0 Ambos tamb\u00e9m receberam o certificado de qualidade da Funda\u00e7\u00e3o Ezequiel Dias (Funed), vinculada \u00e0 Secretaria de Estado de Sa\u00fade de Minas Gerais. Sendo assim, os resultados obtidos pelos testes realizados no campus s\u00e3o lan\u00e7ados diretamente no sistema de gest\u00e3o de resultados do estado e permanecem contabilizados nas estat\u00edsticas oficiais, diminuindo o quadro de subnotifica\u00e7\u00e3o da doen\u00e7a no munic\u00edpio e na regi\u00e3o.<\/span><\/p>\n<p>&nbsp;<\/p>\n<p><strong>Fonte:<\/strong>\u00a0Assessoria<\/p>\n","protected":false},"excerpt":{"rendered":"<p>Profissionais da Universidade Federal de Juiz de Fora (UFJF), dedicados aos testes para diagn\u00f3stico de Covid-19, receberam a doa\u00e7\u00e3o de 40 macac\u00f5es de prote\u00e7\u00e3o feita pelo Col\u00e9gio Equipe. \u201cOs equipamentos s\u00e3o reutiliz\u00e1veis e, portanto, t\u00eam maior dura\u00e7\u00e3o desde que adotados os processos de higieniza\u00e7\u00e3o\u201d, explica o diretor do Instituto de Ci\u00eancias Biol\u00f3gicas (ICB), Lyderson Viccini. [&hellip;]<\/p>\n","protected":false},"author":96,"featured_media":160944,"comment_status":"closed","ping_status":"closed","sticky":false,"template":"","format":"standard","meta":{"footnotes":""},"categories":[253,436,439],"tags":[],"class_list":["post-160943","post","type-post","status-publish","format-standard","has-post-thumbnail","hentry","category-cidade","category-destaque-da-semana","category-ultima-hora"],"_links":{"self":[{"href":"https:\/\/diarioregionaldigital.com.br\/index.php?rest_route=\/wp\/v2\/posts\/160943","targetHints":{"allow":["GET"]}}],"collection":[{"href":"https:\/\/diarioregionaldigital.com.br\/index.php?rest_route=\/wp\/v2\/posts"}],"about":[{"href":"https:\/\/diarioregionaldigital.com.br\/index.php?rest_route=\/wp\/v2\/types\/post"}],"author":[{"embeddable":true,"href":"https:\/\/diarioregionaldigital.com.br\/index.php?rest_route=\/wp\/v2\/users\/96"}],"replies":[{"embeddable":true,"href":"https:\/\/diarioregionaldigital.com.br\/index.php?rest_route=%2Fwp%2Fv2%2Fcomments&post=160943"}],"version-history":[{"count":0,"href":"https:\/\/diarioregionaldigital.com.br\/index.php?rest_route=\/wp\/v2\/posts\/160943\/revisions"}],"wp:featuredmedia":[{"embeddable":true,"href":"https:\/\/diarioregionaldigital.com.br\/index.php?rest_route=\/wp\/v2\/media\/160944"}],"wp:attachment":[{"href":"https:\/\/diarioregionaldigital.com.br\/index.php?rest_route=%2Fwp%2Fv2%2Fmedia&parent=160943"}],"wp:term":[{"taxonomy":"category","embeddable":true,"href":"https:\/\/diarioregionaldigital.com.br\/index.php?rest_route=%2Fwp%2Fv2%2Fcategories&post=160943"},{"taxonomy":"post_tag","embeddable":true,"href":"https:\/\/diarioregionaldigital.com.br\/index.php?rest_route=%2Fwp%2Fv2%2Ftags&post=160943"}],"curies":[{"name":"wp","href":"https:\/\/api.w.org\/{rel}","templated":true}]}}