{"id":160939,"date":"2020-05-25T14:43:58","date_gmt":"2020-05-25T17:43:58","guid":{"rendered":"https:\/\/diarioregionaldigital.com.br\/?p=160939"},"modified":"2020-05-25T14:43:58","modified_gmt":"2020-05-25T17:43:58","slug":"acidente-na-estrada-uniao-industria-mata-policial-militar","status":"publish","type":"post","link":"https:\/\/diarioregionaldigital.com.br\/?p=160939","title":{"rendered":"Acidente na estrada Uni\u00e3o Ind\u00fastria mata Policial Militar"},"content":{"rendered":"<p>Um acidente envolvendo uma motocicleta e um \u00f4nibus intermunicipal, vitimaram o\u00a0cabo da Pol\u00edcia Militar (PM), Renan Amorim Beligoli de 30 anos, na manh\u00e3 dessa segunda-feira (25). Segundo informa\u00e7\u00f5es, o policial fazia o trajeto Juiz de Fora-Matias Barbosa, quando colidiu de frente com o \u00f4nibus no Km 2 e morreu no local. Segundo informa\u00e7\u00f5es, devido ao impacto, o policial parou debaixo do ve\u00edculo.<\/p>\n","protected":false},"excerpt":{"rendered":"<p>Um acidente envolvendo uma motocicleta e um \u00f4nibus intermunicipal, vitimaram o\u00a0cabo da Pol\u00edcia Militar (PM), Renan Amorim Beligoli de 30 anos, na manh\u00e3 dessa segunda-feira (25). Segundo informa\u00e7\u00f5es, o policial fazia o trajeto Juiz de Fora-Matias Barbosa, quando colidiu de frente com o \u00f4nibus no Km 2 e morreu no local. Segundo informa\u00e7\u00f5es, devido ao [&hellip;]<\/p>\n","protected":false},"author":96,"featured_media":160940,"comment_status":"closed","ping_status":"closed","sticky":false,"template":"","format":"standard","meta":{"footnotes":""},"categories":[301,436,440,439],"tags":[],"class_list":["post-160939","post","type-post","status-publish","format-standard","has-post-thumbnail","hentry","category-artigos-policiais","category-destaque-da-semana","category-destaques-do-dia","category-ultima-hora"],"_links":{"self":[{"href":"https:\/\/diarioregionaldigital.com.br\/index.php?rest_route=\/wp\/v2\/posts\/160939","targetHints":{"allow":["GET"]}}],"collection":[{"href":"https:\/\/diarioregionaldigital.com.br\/index.php?rest_route=\/wp\/v2\/posts"}],"about":[{"href":"https:\/\/diarioregionaldigital.com.br\/index.php?rest_route=\/wp\/v2\/types\/post"}],"author":[{"embeddable":true,"href":"https:\/\/diarioregionaldigital.com.br\/index.php?rest_route=\/wp\/v2\/users\/96"}],"replies":[{"embeddable":true,"href":"https:\/\/diarioregionaldigital.com.br\/index.php?rest_route=%2Fwp%2Fv2%2Fcomments&post=160939"}],"version-history":[{"count":0,"href":"https:\/\/diarioregionaldigital.com.br\/index.php?rest_route=\/wp\/v2\/posts\/160939\/revisions"}],"wp:featuredmedia":[{"embeddable":true,"href":"https:\/\/diarioregionaldigital.com.br\/index.php?rest_route=\/wp\/v2\/media\/160940"}],"wp:attachment":[{"href":"https:\/\/diarioregionaldigital.com.br\/index.php?rest_route=%2Fwp%2Fv2%2Fmedia&parent=160939"}],"wp:term":[{"taxonomy":"category","embeddable":true,"href":"https:\/\/diarioregionaldigital.com.br\/index.php?rest_route=%2Fwp%2Fv2%2Fcategories&post=160939"},{"taxonomy":"post_tag","embeddable":true,"href":"https:\/\/diarioregionaldigital.com.br\/index.php?rest_route=%2Fwp%2Fv2%2Ftags&post=160939"}],"curies":[{"name":"wp","href":"https:\/\/api.w.org\/{rel}","templated":true}]}}