{"id":160934,"date":"2020-05-25T14:29:49","date_gmt":"2020-05-25T17:29:49","guid":{"rendered":"https:\/\/diarioregionaldigital.com.br\/?p=160934"},"modified":"2020-05-25T14:29:49","modified_gmt":"2020-05-25T17:29:49","slug":"adolescente-e-preso-por-vender-drogas-no-vila-ideal","status":"publish","type":"post","link":"https:\/\/diarioregionaldigital.com.br\/?p=160934","title":{"rendered":"Adolescente \u00e9 preso por vender drogas no Vila Ideal"},"content":{"rendered":"<p>Um adolescente de 15 anos, foi preso pela Pol\u00edcia Militar (PM), por comercializar drogas no Bairro Vila Ideal (Regi\u00e3o Leste) em Juiz de Fora. O caso ocorreu quando a PM realizava patrulhamento pelo local, quando em um determinado momento avistaram um grupo em atitude suspeita e foi constatado que estaria sendo feito tr\u00e1fico de drogas. Ao realizar abordagem, os autores perceberam a presen\u00e7a policial e fugiram por um terreno vago, mas apenas um infrator foi pego.<\/p>\n<p>Ap\u00f3s o fato, os policiais realizaram buscas pessoais e encontraram 16 papelotes de coca\u00edna e R$549,00 em dinheiro. Ao ser questionado sobre os materiais, o adolescente contou que trabalha como traficante de drogas e vendia cada papelote de coca\u00edna no valor de R$20,00. Diante do ocorrido, o menor infrator foi preso em flagrante e conduzido para a Delegacia junto com os materiais apreendidos.<\/p>\n","protected":false},"excerpt":{"rendered":"<p>Um adolescente de 15 anos, foi preso pela Pol\u00edcia Militar (PM), por comercializar drogas no Bairro Vila Ideal (Regi\u00e3o Leste) em Juiz de Fora. O caso ocorreu quando a PM realizava patrulhamento pelo local, quando em um determinado momento avistaram um grupo em atitude suspeita e foi constatado que estaria sendo feito tr\u00e1fico de drogas. [&hellip;]<\/p>\n","protected":false},"author":96,"featured_media":160935,"comment_status":"closed","ping_status":"closed","sticky":false,"template":"","format":"standard","meta":{"footnotes":""},"categories":[301,436,439],"tags":[],"class_list":["post-160934","post","type-post","status-publish","format-standard","has-post-thumbnail","hentry","category-artigos-policiais","category-destaque-da-semana","category-ultima-hora"],"_links":{"self":[{"href":"https:\/\/diarioregionaldigital.com.br\/index.php?rest_route=\/wp\/v2\/posts\/160934","targetHints":{"allow":["GET"]}}],"collection":[{"href":"https:\/\/diarioregionaldigital.com.br\/index.php?rest_route=\/wp\/v2\/posts"}],"about":[{"href":"https:\/\/diarioregionaldigital.com.br\/index.php?rest_route=\/wp\/v2\/types\/post"}],"author":[{"embeddable":true,"href":"https:\/\/diarioregionaldigital.com.br\/index.php?rest_route=\/wp\/v2\/users\/96"}],"replies":[{"embeddable":true,"href":"https:\/\/diarioregionaldigital.com.br\/index.php?rest_route=%2Fwp%2Fv2%2Fcomments&post=160934"}],"version-history":[{"count":0,"href":"https:\/\/diarioregionaldigital.com.br\/index.php?rest_route=\/wp\/v2\/posts\/160934\/revisions"}],"wp:featuredmedia":[{"embeddable":true,"href":"https:\/\/diarioregionaldigital.com.br\/index.php?rest_route=\/wp\/v2\/media\/160935"}],"wp:attachment":[{"href":"https:\/\/diarioregionaldigital.com.br\/index.php?rest_route=%2Fwp%2Fv2%2Fmedia&parent=160934"}],"wp:term":[{"taxonomy":"category","embeddable":true,"href":"https:\/\/diarioregionaldigital.com.br\/index.php?rest_route=%2Fwp%2Fv2%2Fcategories&post=160934"},{"taxonomy":"post_tag","embeddable":true,"href":"https:\/\/diarioregionaldigital.com.br\/index.php?rest_route=%2Fwp%2Fv2%2Ftags&post=160934"}],"curies":[{"name":"wp","href":"https:\/\/api.w.org\/{rel}","templated":true}]}}