{"id":160931,"date":"2020-05-25T14:08:22","date_gmt":"2020-05-25T17:08:22","guid":{"rendered":"https:\/\/diarioregionaldigital.com.br\/?p=160931"},"modified":"2020-05-25T14:08:22","modified_gmt":"2020-05-25T17:08:22","slug":"pcmg-apreende-cerca-de-180-quilos-de-drogas-em-juiz-de-fora","status":"publish","type":"post","link":"https:\/\/diarioregionaldigital.com.br\/?p=160931","title":{"rendered":"PCMG apreende cerca de 180 quilos de drogas em Juiz de Fora"},"content":{"rendered":"<p>A Pol\u00edcia Civil do Estado de Minas Gerais (PCMG) apreendeu, na manh\u00e3 de hoje (23), drogas, armas e muni\u00e7\u00f5es, em Juiz de Fora, na Zona da Mata. Os policiais civis lotados na Delegacia Especializada de Repress\u00e3o a Roubos (DERR) estiveram no bairro Maril\u00e2ndia e encontraram cerca 180 quilos de maconha, crack, materiais para refino e dolagem, balan\u00e7as, tr\u00eas armas de calibres restritos e muni\u00e7\u00f5es. Um adolescente foi apreendido durante a a\u00e7\u00e3o da PCMG.<\/p>\n<p>&#8220;A opera\u00e7\u00e3o foi importante, uma vez que retirou tr\u00eas armas das m\u00e3os dos criminosos, o ve\u00edculo que estava sendo utilizado nos crimes e grande quantidade de entorpecentes&#8221;, pontuou o Delegado respons\u00e1vel pela opera\u00e7\u00e3o, Carlos Eduardo Santos Rodrigues.<\/p>\n<p>&nbsp;<\/p>\n<p><strong>Fonte:\u00a0<\/strong>Assessoria<\/p>\n","protected":false},"excerpt":{"rendered":"<p>A Pol\u00edcia Civil do Estado de Minas Gerais (PCMG) apreendeu, na manh\u00e3 de hoje (23), drogas, armas e muni\u00e7\u00f5es, em Juiz de Fora, na Zona da Mata. Os policiais civis lotados na Delegacia Especializada de Repress\u00e3o a Roubos (DERR) estiveram no bairro Maril\u00e2ndia e encontraram cerca 180 quilos de maconha, crack, materiais para refino e [&hellip;]<\/p>\n","protected":false},"author":96,"featured_media":160932,"comment_status":"closed","ping_status":"closed","sticky":false,"template":"","format":"standard","meta":{"footnotes":""},"categories":[301,436,439],"tags":[],"class_list":["post-160931","post","type-post","status-publish","format-standard","has-post-thumbnail","hentry","category-artigos-policiais","category-destaque-da-semana","category-ultima-hora"],"_links":{"self":[{"href":"https:\/\/diarioregionaldigital.com.br\/index.php?rest_route=\/wp\/v2\/posts\/160931","targetHints":{"allow":["GET"]}}],"collection":[{"href":"https:\/\/diarioregionaldigital.com.br\/index.php?rest_route=\/wp\/v2\/posts"}],"about":[{"href":"https:\/\/diarioregionaldigital.com.br\/index.php?rest_route=\/wp\/v2\/types\/post"}],"author":[{"embeddable":true,"href":"https:\/\/diarioregionaldigital.com.br\/index.php?rest_route=\/wp\/v2\/users\/96"}],"replies":[{"embeddable":true,"href":"https:\/\/diarioregionaldigital.com.br\/index.php?rest_route=%2Fwp%2Fv2%2Fcomments&post=160931"}],"version-history":[{"count":0,"href":"https:\/\/diarioregionaldigital.com.br\/index.php?rest_route=\/wp\/v2\/posts\/160931\/revisions"}],"wp:featuredmedia":[{"embeddable":true,"href":"https:\/\/diarioregionaldigital.com.br\/index.php?rest_route=\/wp\/v2\/media\/160932"}],"wp:attachment":[{"href":"https:\/\/diarioregionaldigital.com.br\/index.php?rest_route=%2Fwp%2Fv2%2Fmedia&parent=160931"}],"wp:term":[{"taxonomy":"category","embeddable":true,"href":"https:\/\/diarioregionaldigital.com.br\/index.php?rest_route=%2Fwp%2Fv2%2Fcategories&post=160931"},{"taxonomy":"post_tag","embeddable":true,"href":"https:\/\/diarioregionaldigital.com.br\/index.php?rest_route=%2Fwp%2Fv2%2Ftags&post=160931"}],"curies":[{"name":"wp","href":"https:\/\/api.w.org\/{rel}","templated":true}]}}