{"id":160928,"date":"2020-05-25T14:06:36","date_gmt":"2020-05-25T17:06:36","guid":{"rendered":"https:\/\/diarioregionaldigital.com.br\/?p=160928"},"modified":"2020-05-25T14:06:36","modified_gmt":"2020-05-25T17:06:36","slug":"policia-militar-prende-individuo-por-guardar-drogas-para-traficante-do-grajau","status":"publish","type":"post","link":"https:\/\/diarioregionaldigital.com.br\/?p=160928","title":{"rendered":"Pol\u00edcia Militar prende indiv\u00edduo por guardar drogas para traficante do Graja\u00fa"},"content":{"rendered":"<p>A Pol\u00edcia Militar (PM) recebeu den\u00fancia de moradores do Bairro Graja\u00fa (Regi\u00e3o Leste), de que um indiv\u00edduo estaria guardando drogas para um traficante local. Com informa\u00e7\u00f5es em m\u00e3os, os policiais compareceram ao endere\u00e7o informado e ao chegarem no im\u00f3vel, tiveram a entrada liberada pelos moradores. Ap\u00f3s o fato, os policiais realizaram buscas pelo im\u00f3vel mas nada foi encontrado.<\/p>\n<p>Com aux\u00edlio do c\u00e3o farejador, as equipes realizaram buscas pelo quintal da casa e no meio das vegeta\u00e7\u00f5es, o c\u00e3o farejador encontrou sete b<span style=\"font-weight: 400;\">arras e quatro<\/span><span style=\"font-weight: 400;\">\u00a0por\u00e7\u00f5es de maconha. Ap\u00f3s o fato, o morador foi questionado sobre os materiais encontrados e o mesmo disse que est\u00e1 em pris\u00e3o domiciliar e que n\u00e3o tem participa\u00e7\u00e3o no tr\u00e1fico de drogas mas tem amizade com o traficante citado na den\u00fancia. Al\u00e9m disso, o autor diz que a droga n\u00e3o lhe pertence e n\u00e3o sabe como foi parar no quintal. Quanto ao traficante citado, ele n\u00e3o foi localizado.<\/span><\/p>\n<p>O morador da resid\u00eancia foi preso e encaminhado para a Delegacia, junto com os materiais apreendidos.<\/p>\n","protected":false},"excerpt":{"rendered":"<p>A Pol\u00edcia Militar (PM) recebeu den\u00fancia de moradores do Bairro Graja\u00fa (Regi\u00e3o Leste), de que um indiv\u00edduo estaria guardando drogas para um traficante local. Com informa\u00e7\u00f5es em m\u00e3os, os policiais compareceram ao endere\u00e7o informado e ao chegarem no im\u00f3vel, tiveram a entrada liberada pelos moradores. Ap\u00f3s o fato, os policiais realizaram buscas pelo im\u00f3vel mas [&hellip;]<\/p>\n","protected":false},"author":96,"featured_media":160929,"comment_status":"closed","ping_status":"closed","sticky":false,"template":"","format":"standard","meta":{"footnotes":""},"categories":[301,436,439],"tags":[],"class_list":["post-160928","post","type-post","status-publish","format-standard","has-post-thumbnail","hentry","category-artigos-policiais","category-destaque-da-semana","category-ultima-hora"],"_links":{"self":[{"href":"https:\/\/diarioregionaldigital.com.br\/index.php?rest_route=\/wp\/v2\/posts\/160928","targetHints":{"allow":["GET"]}}],"collection":[{"href":"https:\/\/diarioregionaldigital.com.br\/index.php?rest_route=\/wp\/v2\/posts"}],"about":[{"href":"https:\/\/diarioregionaldigital.com.br\/index.php?rest_route=\/wp\/v2\/types\/post"}],"author":[{"embeddable":true,"href":"https:\/\/diarioregionaldigital.com.br\/index.php?rest_route=\/wp\/v2\/users\/96"}],"replies":[{"embeddable":true,"href":"https:\/\/diarioregionaldigital.com.br\/index.php?rest_route=%2Fwp%2Fv2%2Fcomments&post=160928"}],"version-history":[{"count":0,"href":"https:\/\/diarioregionaldigital.com.br\/index.php?rest_route=\/wp\/v2\/posts\/160928\/revisions"}],"wp:featuredmedia":[{"embeddable":true,"href":"https:\/\/diarioregionaldigital.com.br\/index.php?rest_route=\/wp\/v2\/media\/160929"}],"wp:attachment":[{"href":"https:\/\/diarioregionaldigital.com.br\/index.php?rest_route=%2Fwp%2Fv2%2Fmedia&parent=160928"}],"wp:term":[{"taxonomy":"category","embeddable":true,"href":"https:\/\/diarioregionaldigital.com.br\/index.php?rest_route=%2Fwp%2Fv2%2Fcategories&post=160928"},{"taxonomy":"post_tag","embeddable":true,"href":"https:\/\/diarioregionaldigital.com.br\/index.php?rest_route=%2Fwp%2Fv2%2Ftags&post=160928"}],"curies":[{"name":"wp","href":"https:\/\/api.w.org\/{rel}","templated":true}]}}