{"id":160925,"date":"2020-05-25T13:11:52","date_gmt":"2020-05-25T16:11:52","guid":{"rendered":"https:\/\/diarioregionaldigital.com.br\/?p=160925"},"modified":"2020-05-25T13:11:52","modified_gmt":"2020-05-25T16:11:52","slug":"datasenado-maioria-acredita-que-ha-mais-contaminados-com-covid-19-que-o-divulgado","status":"publish","type":"post","link":"https:\/\/diarioregionaldigital.com.br\/?p=160925","title":{"rendered":"DataSenado: Maioria acredita que h\u00e1 mais contaminados com covid-19 que o divulgado"},"content":{"rendered":"<p><span style=\"font-weight: 400;\">De acordo com pesquisa do Instituto DataSenado, a maioria dos brasileiros acredita que o n\u00famero de contaminados no pa\u00eds com o novo coronav\u00edrus \u00e9 maior que o divulgado. A pesquisa tamb\u00e9m indica que a TV \u00e9 a principal fonte de informa\u00e7\u00f5es sobre a pandemia; a maioria acredita que a crise econ\u00f4mica provocada pela covid-19 deve se agravar; e quase todos apoiam o uso obrigat\u00f3rio de m\u00e1scara oficial em lugares p\u00fablicos. Tamb\u00e9m foram feitas perguntas sobre o aux\u00edlio emergencial e projetos de lei relacionados \u00e0 pandemia.<\/span><\/p>\n<p><span style=\"font-weight: 400;\">O DataSenado informou que a pesquisa foi realizada entre os dias 18 e 20 de maio, quando foram entrevistadas, por telefone, 1.200 pessoas com mais de 16 anos, em uma amostra representativa da opini\u00e3o da popula\u00e7\u00e3o brasileira.<\/span><\/p>\n<p><span style=\"font-weight: 400;\">Para 59% dos participantes, o n\u00famero de pessoas contaminadas pelo novo coronav\u00edrus no Brasil \u00e9 maior do que o noticiado, enquanto 28% acreditam que o n\u00famero de contaminados \u00e9 menor que o divulgado.<\/span><\/p>\n<p><span style=\"font-weight: 400;\">A pesquisa tamb\u00e9m mostra que, para 62%, a TV \u00e9 a principal fonte de informa\u00e7\u00f5es sobre a pandemia de coronav\u00edrus. Os sites de not\u00edcias s\u00e3o o segundo meio mais citado: 16%. Em seguida aparecem &#8220;outros meios&#8221; (10%), Facebook (7%) e WhatsApp (4%).<\/span><\/p>\n<p><b>Crise econ\u00f4mica e sanit\u00e1ria<\/b><\/p>\n<p><span style=\"font-weight: 400;\">A maioria dos entrevistados (57%) acredita que a crise econ\u00f4mica provocada pela covid-19 deve se agravar. Para outros 32%, atualmente a economia do pa\u00eds enfrenta a pior fase da crise.<\/span><\/p>\n<p><span style=\"font-weight: 400;\">Em rela\u00e7\u00e3o \u00e0 crise na sa\u00fade, as opini\u00f5es est\u00e3o divididas: 45% dos participantes da pesquisa acreditam que o momento atual \u00e9 o pior, enquanto outros 48% avaliam que o pior dessa crise ainda est\u00e1 por vir.<\/span><\/p>\n<p><span style=\"font-weight: 400;\">Quase todos os participantes da pesquisa (98%) manifestaram apoio ao uso obrigat\u00f3rio de m\u00e1scaras faciais em lugares p\u00fablicos.<\/span><\/p>\n<p><b>Aux\u00edlio emergencial<\/b><\/p>\n<p><span style=\"font-weight: 400;\">Nessa pesquisa, perguntou-se aos entrevistados o quanto eles sabiam sobre o aux\u00edlio emergencial aprovado pelo Congresso Nacional: 47% disseram saber pouco, enquanto 43% disseram saber muito.<\/span><\/p>\n<p><span style=\"font-weight: 400;\">Tamb\u00e9m se perguntou se eles solicitaram o aux\u00edlio emergencial: 54% responderam que n\u00e3o; outros 46%, sim. Dos que solicitaram o aux\u00edlio, 65% afirmaram que j\u00e1 receberam a primeira parcela, enquanto 35% disseram que ainda n\u00e3o a receberam.<\/span><\/p>\n<p><span style=\"font-weight: 400;\">Nove em cada dez entrevistados acreditam que o pagamento do aux\u00edlio emergencial deveria ser estendido at\u00e9 o fim do estado de calamidade p\u00fablica. Essa prorroga\u00e7\u00e3o est\u00e1 prevista em projetos de lei que tramitam no Senado: o PL 2.593\/2020, da senadora K\u00e1tia Abreu (PP-TO); o PL 2.627\/2020, do senador Jean Paul Prates (PT-RN); e o PL 2.133\/2020, do senador Jaques Wagner (PT-BA).<\/span><\/p>\n<p><span style=\"font-weight: 400;\">Questionados sobre isso, 91% dos entrevistados concordam com a prorroga\u00e7\u00e3o do aux\u00edlio emergencial enquanto durar o estado de calamidade; 7% discordam. Para Jean Paul, o resultado mostra que a popula\u00e7\u00e3o brasileira \u201cj\u00e1 se divorciou das bandeiras do governo Bolsonaro\u201d.<\/span><\/p>\n<p><span style=\"font-weight: 400;\">\u201cO que j\u00e1 foi aprovado at\u00e9 agora estabelece o aux\u00edlio por apenas tr\u00eas meses. \u00c9 pouco, e n\u00e3o \u00e9 suficiente para impedir que uma grande parte dos brasileiros afunde na mis\u00e9ria at\u00e9 o final do ano. O governo tem que entender o que os brasileiros j\u00e1 entenderam: essa pandemia \u00e9 uma crise grave, e s\u00f3 o Estado, s\u00f3 o governo, pode socorrer a popula\u00e7\u00e3o. Isso est\u00e1 ocorrendo em todo o mundo, em todos os pa\u00edses. Ficar na contram\u00e3o \u00e9 uma p\u00e9ssima pol\u00edtica\u201d argumentou o senador.<\/span><\/p>\n<p><b>Internet<\/b><\/p>\n<p><span style=\"font-weight: 400;\">Os entrevistados tamb\u00e9m opinaram sobre o PL 2.388\/2020, projeto de lei da senadora Daniella Ribeiro (PP-PB) que cria um aux\u00edlio no valor de R$ 100 mensais para fam\u00edlias de baixa renda, para que elas possam pagar por servi\u00e7os de comunica\u00e7\u00e3o como internet e celular durante a pandemia. A pesquisa mostra que 73% dos participantes concordam com essa medida, enquanto 26% discordam dela.<\/span><\/p>\n<p><b>Outros projetos<\/b><\/p>\n<p><span style=\"font-weight: 400;\">Tamb\u00e9m foram avaliados pela pesquisa os seguintes projetos:<\/span><\/p>\n<ul>\n<li style=\"font-weight: 400;\"><span style=\"font-weight: 400;\">Projeto de Lei 1.448\/2020, do senador Alvaro Dias (Podemos-PR), que suspende os descontos, no sal\u00e1rio, de parcelas de empr\u00e9stimos e financiamentos enquanto durar a pandemia: 71% acham muito importante; 16%, pouco importante; 9% nada importante; e 5% n\u00e3o souberam ou preferiram n\u00e3o responder.<\/span><\/li>\n<\/ul>\n<ul>\n<li style=\"font-weight: 400;\"><span style=\"font-weight: 400;\">Projeto de Lei 662\/2020, do deputado federal Marcelo Freixo (PSOL-RJ), que garante o seguro-desemprego a microempres\u00e1rios individuais que perderam a renda: 82% acham muito importante; 11%, pouco importante; 4% nada importante; e 3% n\u00e3o souberam ou preferiram n\u00e3o responder.<\/span><\/li>\n<li style=\"font-weight: 400;\"><span style=\"font-weight: 400;\">Projeto de Lei 1.079\/2020, do deputado federal Denis Bezerra (PSB-CE), que suspende o pagamento do Fundo de Financiamento Estudantil (Fies) durante a quarentena: 71% acham muito importante; 17%, pouco importante; 9% nada importante; e 3% n\u00e3o souberam ou preferiram n\u00e3o responder.<\/span><span style=\"font-weight: 400;\">\n<p><\/span><\/li>\n<li style=\"font-weight: 400;\"><span style=\"font-weight: 400;\">Projeto de Lei 675\/2020, do deputado federal Denis Bezerra (PSB-CE), que pro\u00edbe a inscri\u00e7\u00e3o de novos consumidores em cadastro de devedores durante a pandemia: 55% acham muito importante; 25%, pouco importante; 15% nada importante; e 5% n\u00e3o souberam ou preferiram n\u00e3o responder.\u200b<\/span><\/li>\n<\/ul>\n<p>&nbsp;<\/p>\n<p><strong>Fonte:<\/strong>\u00a0Ag\u00eancia Senado<\/p>\n","protected":false},"excerpt":{"rendered":"<p>De acordo com pesquisa do Instituto DataSenado, a maioria dos brasileiros acredita que o n\u00famero de contaminados no pa\u00eds com o novo coronav\u00edrus \u00e9 maior que o divulgado. A pesquisa tamb\u00e9m indica que a TV \u00e9 a principal fonte de informa\u00e7\u00f5es sobre a pandemia; a maioria acredita que a crise econ\u00f4mica provocada pela covid-19 deve [&hellip;]<\/p>\n","protected":false},"author":96,"featured_media":160926,"comment_status":"closed","ping_status":"closed","sticky":false,"template":"","format":"standard","meta":{"footnotes":""},"categories":[436,440,254,439],"tags":[],"class_list":["post-160925","post","type-post","status-publish","format-standard","has-post-thumbnail","hentry","category-destaque-da-semana","category-destaques-do-dia","category-politica","category-ultima-hora"],"_links":{"self":[{"href":"https:\/\/diarioregionaldigital.com.br\/index.php?rest_route=\/wp\/v2\/posts\/160925","targetHints":{"allow":["GET"]}}],"collection":[{"href":"https:\/\/diarioregionaldigital.com.br\/index.php?rest_route=\/wp\/v2\/posts"}],"about":[{"href":"https:\/\/diarioregionaldigital.com.br\/index.php?rest_route=\/wp\/v2\/types\/post"}],"author":[{"embeddable":true,"href":"https:\/\/diarioregionaldigital.com.br\/index.php?rest_route=\/wp\/v2\/users\/96"}],"replies":[{"embeddable":true,"href":"https:\/\/diarioregionaldigital.com.br\/index.php?rest_route=%2Fwp%2Fv2%2Fcomments&post=160925"}],"version-history":[{"count":0,"href":"https:\/\/diarioregionaldigital.com.br\/index.php?rest_route=\/wp\/v2\/posts\/160925\/revisions"}],"wp:featuredmedia":[{"embeddable":true,"href":"https:\/\/diarioregionaldigital.com.br\/index.php?rest_route=\/wp\/v2\/media\/160926"}],"wp:attachment":[{"href":"https:\/\/diarioregionaldigital.com.br\/index.php?rest_route=%2Fwp%2Fv2%2Fmedia&parent=160925"}],"wp:term":[{"taxonomy":"category","embeddable":true,"href":"https:\/\/diarioregionaldigital.com.br\/index.php?rest_route=%2Fwp%2Fv2%2Fcategories&post=160925"},{"taxonomy":"post_tag","embeddable":true,"href":"https:\/\/diarioregionaldigital.com.br\/index.php?rest_route=%2Fwp%2Fv2%2Ftags&post=160925"}],"curies":[{"name":"wp","href":"https:\/\/api.w.org\/{rel}","templated":true}]}}