{"id":160922,"date":"2020-05-25T13:04:47","date_gmt":"2020-05-25T16:04:47","guid":{"rendered":"https:\/\/diarioregionaldigital.com.br\/?p=160922"},"modified":"2020-05-25T13:04:47","modified_gmt":"2020-05-25T16:04:47","slug":"projeto-assegura-participacao-do-brasil-em-acoes-internacionais-por-vacinas-contra-covid-19","status":"publish","type":"post","link":"https:\/\/diarioregionaldigital.com.br\/?p=160922","title":{"rendered":"Projeto assegura participa\u00e7\u00e3o do Brasil em a\u00e7\u00f5es internacionais por vacinas contra Covid-19"},"content":{"rendered":"<p><span style=\"font-weight: 400;\">O Projeto de Lei 2772\/20 assegura a participa\u00e7\u00e3o do Brasil em iniciativas internacionais colaborativas para o desenvolvimento, produ\u00e7\u00e3o e acesso a medicamentos, equipamentos, tratamentos, testes e vacinas contra a Covid-19.<\/span><\/p>\n<p><span style=\"font-weight: 400;\">Pela proposta do deputado Alencar Santana Braga (PT-SP), o descumprimento da obrigatoriedade sem justificativa fundamentada acarretar\u00e1 a responsabiliza\u00e7\u00e3o civil, administrativa e penal dos agentes infratores. O texto est\u00e1 em an\u00e1lise na C\u00e2mara dos Deputados.<\/span><\/p>\n<p><span style=\"font-weight: 400;\">Segundo o projeto, para a participa\u00e7\u00e3o do Pa\u00eds nas iniciativas, ser\u00e3o assegurados investimentos com recursos do Tesouro Nacional destinados ao combate \u00e0 pandemia, em montante compat\u00edvel com o adotado por pa\u00edses similares economicamente ao Brasil. Os \u00f3rg\u00e3os competentes nacionais dever\u00e3o promover a ades\u00e3o do Pa\u00eds \u00e0s iniciativas multilaterais desenvolvidas pela Organiza\u00e7\u00e3o Mundial da Sa\u00fade (OMS), com a divulga\u00e7\u00e3o semanal das informa\u00e7\u00f5es e das medidas adotadas.<\/span><\/p>\n<p><span style=\"font-weight: 400;\">Citando not\u00edcia veiculada no jornal Valor Econ\u00f4mico em 18 de maio, Alencar Santana Braga alerta que, devido \u00e0 atua\u00e7\u00e3o do presidente Jair Bolsonaro frente \u00e0 pandemia, o Brasil sequer foi convidado para participar da \u201cColabora\u00e7\u00e3o Global para Acelerar o Desenvolvimento, Produ\u00e7\u00e3o e Acesso Equitativo a diagn\u00f3sticos, tratamento e vacina contra a Covid-19\u201d, ocorrida no fim de abril. Batizada de Act Accelerator, a a\u00e7\u00e3o \u00e9 uma iniciativa da OMS e reuniu pa\u00edses como Fran\u00e7a e Alemanha, organiza\u00e7\u00f5es internacionais, funda\u00e7\u00f5es e empresas privadas.<\/span><\/p>\n<p><span style=\"font-weight: 400;\">\u201cAgora, o risco \u00e9 que, se ficar fora do \u2018Act Accelerator\u2019, o Brasil, mesmo com as alt\u00edssimas taxas de contamina\u00e7\u00e3o e mortes por Covid-19, n\u00e3o seja priorit\u00e1rio para receber a vacina, e nem possa participar da defini\u00e7\u00e3o de pre\u00e7os e do enfrentamento de condi\u00e7\u00f5es inferiores\u201d, apontou o deputado.<\/span><\/p>\n<p><span style=\"font-weight: 400;\">\u201cPor outro lado, se integrar a iniciativa global, o Brasil abre tamb\u00e9m oportunidade para a Fiocruz e ind\u00fastria brasileira fazerem alguma etapa do processo produtivo\u201d, completou. \u201cA participa\u00e7\u00e3o na iniciativa global \u00e9 volunt\u00e1ria e a oportunidade para entrar continua aberta\u201d, acrescentou.<\/span><\/p>\n<p>&nbsp;<\/p>\n<p><strong>Fonte:<\/strong>\u00a0Ag\u00eancia C\u00e2mara<\/p>\n","protected":false},"excerpt":{"rendered":"<p>O Projeto de Lei 2772\/20 assegura a participa\u00e7\u00e3o do Brasil em iniciativas internacionais colaborativas para o desenvolvimento, produ\u00e7\u00e3o e acesso a medicamentos, equipamentos, tratamentos, testes e vacinas contra a Covid-19. Pela proposta do deputado Alencar Santana Braga (PT-SP), o descumprimento da obrigatoriedade sem justificativa fundamentada acarretar\u00e1 a responsabiliza\u00e7\u00e3o civil, administrativa e penal dos agentes infratores. [&hellip;]<\/p>\n","protected":false},"author":96,"featured_media":160923,"comment_status":"closed","ping_status":"closed","sticky":false,"template":"","format":"standard","meta":{"footnotes":""},"categories":[436,254,439],"tags":[],"class_list":["post-160922","post","type-post","status-publish","format-standard","has-post-thumbnail","hentry","category-destaque-da-semana","category-politica","category-ultima-hora"],"_links":{"self":[{"href":"https:\/\/diarioregionaldigital.com.br\/index.php?rest_route=\/wp\/v2\/posts\/160922","targetHints":{"allow":["GET"]}}],"collection":[{"href":"https:\/\/diarioregionaldigital.com.br\/index.php?rest_route=\/wp\/v2\/posts"}],"about":[{"href":"https:\/\/diarioregionaldigital.com.br\/index.php?rest_route=\/wp\/v2\/types\/post"}],"author":[{"embeddable":true,"href":"https:\/\/diarioregionaldigital.com.br\/index.php?rest_route=\/wp\/v2\/users\/96"}],"replies":[{"embeddable":true,"href":"https:\/\/diarioregionaldigital.com.br\/index.php?rest_route=%2Fwp%2Fv2%2Fcomments&post=160922"}],"version-history":[{"count":0,"href":"https:\/\/diarioregionaldigital.com.br\/index.php?rest_route=\/wp\/v2\/posts\/160922\/revisions"}],"wp:featuredmedia":[{"embeddable":true,"href":"https:\/\/diarioregionaldigital.com.br\/index.php?rest_route=\/wp\/v2\/media\/160923"}],"wp:attachment":[{"href":"https:\/\/diarioregionaldigital.com.br\/index.php?rest_route=%2Fwp%2Fv2%2Fmedia&parent=160922"}],"wp:term":[{"taxonomy":"category","embeddable":true,"href":"https:\/\/diarioregionaldigital.com.br\/index.php?rest_route=%2Fwp%2Fv2%2Fcategories&post=160922"},{"taxonomy":"post_tag","embeddable":true,"href":"https:\/\/diarioregionaldigital.com.br\/index.php?rest_route=%2Fwp%2Fv2%2Ftags&post=160922"}],"curies":[{"name":"wp","href":"https:\/\/api.w.org\/{rel}","templated":true}]}}