{"id":160919,"date":"2020-05-25T12:58:50","date_gmt":"2020-05-25T15:58:50","guid":{"rendered":"https:\/\/diarioregionaldigital.com.br\/?p=160919"},"modified":"2020-05-25T12:58:50","modified_gmt":"2020-05-25T15:58:50","slug":"mercado-financeiro-preve-queda-de-589-na-economia-este-ano","status":"publish","type":"post","link":"https:\/\/diarioregionaldigital.com.br\/?p=160919","title":{"rendered":"Mercado financeiro prev\u00ea queda de 5,89% na economia este ano"},"content":{"rendered":"<p><span style=\"font-weight: 400;\">A previs\u00e3o do mercado financeiro para a queda da economia brasileira este ano chegou a 5,89%. Essa foi a d\u00e9cima quinta revis\u00e3o seguida para a estimativa de recuo do Produto Interno Bruto (PIB) \u2013 a soma de todos os bens e servi\u00e7os produzidos no pa\u00eds. Na semana passada, a previs\u00e3o de queda estava em 5,12%.<\/span><\/p>\n<p><span style=\"font-weight: 400;\">A estimativa consta do boletim Focus, publica\u00e7\u00e3o divulgada semanalmente pelo Banco Central (BC), com a proje\u00e7\u00e3o para os principais indicadores econ\u00f4micos. A previs\u00e3o para o crescimento do PIB em 2021 passou de 3,20% para 3,50% e para 2022 e 2023 continua em 2,50%.<\/span><\/p>\n<p><b>D\u00f3lar<\/b><\/p>\n<p><span style=\"font-weight: 400;\">A cota\u00e7\u00e3o do d\u00f3lar deve fechar o ano em R$ 5,40. Na semana passada, a previs\u00e3o era R$ 5,28. Para 2021, a expectativa \u00e9 que a moeda americana fique em R$ 5,03, contra R$ 5 da semana passada.<\/span><\/p>\n<p><b>Infla\u00e7\u00e3o<\/b><\/p>\n<p><span style=\"font-weight: 400;\">As institui\u00e7\u00f5es financeiras consultadas pelo BC continuam a reduzir a previs\u00e3o de infla\u00e7\u00e3o de 2020. A proje\u00e7\u00e3o para o \u00cdndice Nacional de Pre\u00e7os ao Consumidor Amplo (IPCA) caiu pela 11\u00aa vez seguida, ao passar de 1,59% para 1,57%. Para 2021, a estimativa de infla\u00e7\u00e3o tamb\u00e9m foi reduzida, de 3,20% para 3,14%. A previs\u00e3o para os anos seguintes &#8211; 2022 e 2023 &#8211; n\u00e3o teve altera\u00e7\u00f5es e permanece em 3,50%.<\/span><\/p>\n<p><span style=\"font-weight: 400;\">A proje\u00e7\u00e3o para 2020 est\u00e1 abaixo da meta de infla\u00e7\u00e3o que deve ser perseguida pelo BC. A meta, definida pelo Conselho Monet\u00e1rio Nacional, \u00e9 de 4% em 2020, com intervalo de toler\u00e2ncia de 1,5 ponto percentual para cima ou para baixo. Ou seja, o limite inferior \u00e9 2,5% e o superior, 5,5%. Para 2021, a meta \u00e9 3,75% e para 2022, 3,50%, tamb\u00e9m com intervalo de 1,5 ponto percentual em cada ano.<\/span><\/p>\n<p><b>Selic<\/b><\/p>\n<p><span style=\"font-weight: 400;\">Para alcan\u00e7ar a meta de infla\u00e7\u00e3o, o Banco Central usa como principal instrumento a taxa b\u00e1sica de juros, a Selic, estabelecida atualmente em 3% ao ano pelo Comit\u00ea de Pol\u00edtica Monet\u00e1ria (Copom). Para o mercado financeiro, a expectativa \u00e9 que a Selic encerre 2020 em 2,25% ao ano, a mesma previs\u00e3o da semana passada.<\/span><\/p>\n<p><span style=\"font-weight: 400;\">Quando o Copom reduz a Selic, a tend\u00eancia \u00e9 que o cr\u00e9dito fique mais barato, com incentivo \u00e0 produ\u00e7\u00e3o e ao consumo, reduzindo o controle da infla\u00e7\u00e3o e estimulando a atividade econ\u00f4mica. Quando o Copom aumenta a taxa b\u00e1sica de juros, o objetivo \u00e9 conter a demanda aquecida, e isso causa reflexos nos pre\u00e7os porque os juros mais altos encarecem o cr\u00e9dito e estimulam a poupan\u00e7a.<\/span><\/p>\n<p><span style=\"font-weight: 400;\">Para o fim de 2021, a expectativa \u00e9 que a taxa b\u00e1sica chegue a 3,29% ao ano. A previs\u00e3o da semana passada era 3,50%. Para o fim de 2022, as institui\u00e7\u00f5es reduziram a previs\u00e3o para a taxa anual de 5,25% para 5,13% e, para o fim de 2023, a estimativa segue em 6%.<\/span><\/p>\n<p>&nbsp;<\/p>\n<p><strong>Fonte:<\/strong>\u00a0Ag\u00eancia Brasil<\/p>\n","protected":false},"excerpt":{"rendered":"<p>A previs\u00e3o do mercado financeiro para a queda da economia brasileira este ano chegou a 5,89%. Essa foi a d\u00e9cima quinta revis\u00e3o seguida para a estimativa de recuo do Produto Interno Bruto (PIB) \u2013 a soma de todos os bens e servi\u00e7os produzidos no pa\u00eds. Na semana passada, a previs\u00e3o de queda estava em 5,12%. [&hellip;]<\/p>\n","protected":false},"author":96,"featured_media":160920,"comment_status":"closed","ping_status":"closed","sticky":false,"template":"","format":"standard","meta":{"footnotes":""},"categories":[436,261,439],"tags":[],"class_list":["post-160919","post","type-post","status-publish","format-standard","has-post-thumbnail","hentry","category-destaque-da-semana","category-economia","category-ultima-hora"],"_links":{"self":[{"href":"https:\/\/diarioregionaldigital.com.br\/index.php?rest_route=\/wp\/v2\/posts\/160919","targetHints":{"allow":["GET"]}}],"collection":[{"href":"https:\/\/diarioregionaldigital.com.br\/index.php?rest_route=\/wp\/v2\/posts"}],"about":[{"href":"https:\/\/diarioregionaldigital.com.br\/index.php?rest_route=\/wp\/v2\/types\/post"}],"author":[{"embeddable":true,"href":"https:\/\/diarioregionaldigital.com.br\/index.php?rest_route=\/wp\/v2\/users\/96"}],"replies":[{"embeddable":true,"href":"https:\/\/diarioregionaldigital.com.br\/index.php?rest_route=%2Fwp%2Fv2%2Fcomments&post=160919"}],"version-history":[{"count":0,"href":"https:\/\/diarioregionaldigital.com.br\/index.php?rest_route=\/wp\/v2\/posts\/160919\/revisions"}],"wp:featuredmedia":[{"embeddable":true,"href":"https:\/\/diarioregionaldigital.com.br\/index.php?rest_route=\/wp\/v2\/media\/160920"}],"wp:attachment":[{"href":"https:\/\/diarioregionaldigital.com.br\/index.php?rest_route=%2Fwp%2Fv2%2Fmedia&parent=160919"}],"wp:term":[{"taxonomy":"category","embeddable":true,"href":"https:\/\/diarioregionaldigital.com.br\/index.php?rest_route=%2Fwp%2Fv2%2Fcategories&post=160919"},{"taxonomy":"post_tag","embeddable":true,"href":"https:\/\/diarioregionaldigital.com.br\/index.php?rest_route=%2Fwp%2Fv2%2Ftags&post=160919"}],"curies":[{"name":"wp","href":"https:\/\/api.w.org\/{rel}","templated":true}]}}