{"id":160913,"date":"2020-05-25T12:48:47","date_gmt":"2020-05-25T15:48:47","guid":{"rendered":"https:\/\/diarioregionaldigital.com.br\/?p=160913"},"modified":"2020-05-25T12:48:47","modified_gmt":"2020-05-25T15:48:47","slug":"vital-brazil-e-ufrj-testam-soro-para-tratar-covid-19","status":"publish","type":"post","link":"https:\/\/diarioregionaldigital.com.br\/?p=160913","title":{"rendered":"Vital Brazil e UFRJ testam soro para tratar covid-19"},"content":{"rendered":"<p>Pesquisadores do Instituto Vital Brazil e da Universidade Federal do Rio de Janeiro (UFRJ) est\u00e3o estudando um soro hiperimune que pode tratar a covid-19. Esse medicamento \u00e9 do mesmo tipo daqueles usados contra a raiva e contra picada de animais pe\u00e7onhentos.<\/p>\n<p>O soro \u00e9 feito a partir do plasma sangu\u00edneo de cavalos. No caso dos soros antiveneno, o sangue equino produz agentes de defesa contra a toxina inoculada no corpo. A partir desse plasma com anticorpos, \u00e9 criado o soro.<\/p>\n<p>O mesmo processo \u00e9 usado no soro contra a raiva, aplicado em pessoas que possivelmente tiveram contato com o v\u00edrus e que impede que o agente viral se manifeste no corpo do infectado.<\/p>\n<p>No estudo contra o novo coronav\u00edrus, a UFRJ isolar\u00e1 e inativar\u00e1 o v\u00edrus, para que ele possa come\u00e7ar a ser inoculado em cavalos do Instituto Vital Brazil. O teste come\u00e7a na pr\u00f3xima quarta-feira (27).<\/p>\n<p>\u201cJ\u00e1 vimos em muitas pesquisas realizadas pelo mundo em que o tratamento a partir do plasma de pessoas curadas da covid-19 teve efeito positivo no tratamento de infectados em estado grave. A ideia \u00e9 fazer um experimento agora a partir do plasma de cavalos, para que possa ser produzido em grande escala\u201d, afirma o presidente do instituto, Adilson Stolet.<\/p>\n<p>Caso os resultados sejam promissores, daqui a quatro meses o soro poder\u00e1 ser testado em humanos. Em seis meses, seria poss\u00edvel produzir o solo em grande escala. A capacidade do instituto \u00e9 de produzir at\u00e9 100 mil tratamentos por ano.<\/p>\n<p>Outra pesquisa do Vital estuda anticorpos e DNA de lhamas. Com os dois estudos, \u00e9 poss\u00edvel apostar no processo que der resultados mais r\u00e1pidos.<\/p>\n<p>&nbsp;<\/p>\n<p><strong>Fonte:\u00a0<\/strong>Ag\u00eancia Brasil<\/p>\n","protected":false},"excerpt":{"rendered":"<p>Pesquisadores do Instituto Vital Brazil e da Universidade Federal do Rio de Janeiro (UFRJ) est\u00e3o estudando um soro hiperimune que pode tratar a covid-19. Esse medicamento \u00e9 do mesmo tipo daqueles usados contra a raiva e contra picada de animais pe\u00e7onhentos. O soro \u00e9 feito a partir do plasma sangu\u00edneo de cavalos. No caso dos [&hellip;]<\/p>\n","protected":false},"author":96,"featured_media":160914,"comment_status":"closed","ping_status":"closed","sticky":false,"template":"","format":"standard","meta":{"footnotes":""},"categories":[302,436,439],"tags":[],"class_list":["post-160913","post","type-post","status-publish","format-standard","has-post-thumbnail","hentry","category-brasil-mundo","category-destaque-da-semana","category-ultima-hora"],"_links":{"self":[{"href":"https:\/\/diarioregionaldigital.com.br\/index.php?rest_route=\/wp\/v2\/posts\/160913","targetHints":{"allow":["GET"]}}],"collection":[{"href":"https:\/\/diarioregionaldigital.com.br\/index.php?rest_route=\/wp\/v2\/posts"}],"about":[{"href":"https:\/\/diarioregionaldigital.com.br\/index.php?rest_route=\/wp\/v2\/types\/post"}],"author":[{"embeddable":true,"href":"https:\/\/diarioregionaldigital.com.br\/index.php?rest_route=\/wp\/v2\/users\/96"}],"replies":[{"embeddable":true,"href":"https:\/\/diarioregionaldigital.com.br\/index.php?rest_route=%2Fwp%2Fv2%2Fcomments&post=160913"}],"version-history":[{"count":0,"href":"https:\/\/diarioregionaldigital.com.br\/index.php?rest_route=\/wp\/v2\/posts\/160913\/revisions"}],"wp:featuredmedia":[{"embeddable":true,"href":"https:\/\/diarioregionaldigital.com.br\/index.php?rest_route=\/wp\/v2\/media\/160914"}],"wp:attachment":[{"href":"https:\/\/diarioregionaldigital.com.br\/index.php?rest_route=%2Fwp%2Fv2%2Fmedia&parent=160913"}],"wp:term":[{"taxonomy":"category","embeddable":true,"href":"https:\/\/diarioregionaldigital.com.br\/index.php?rest_route=%2Fwp%2Fv2%2Fcategories&post=160913"},{"taxonomy":"post_tag","embeddable":true,"href":"https:\/\/diarioregionaldigital.com.br\/index.php?rest_route=%2Fwp%2Fv2%2Ftags&post=160913"}],"curies":[{"name":"wp","href":"https:\/\/api.w.org\/{rel}","templated":true}]}}