{"id":160910,"date":"2020-05-25T12:46:57","date_gmt":"2020-05-25T15:46:57","guid":{"rendered":"https:\/\/diarioregionaldigital.com.br\/?p=160910"},"modified":"2020-05-25T12:46:57","modified_gmt":"2020-05-25T15:46:57","slug":"minas-gerais-chega-a-quase-700-casos-confirmados-de-coronavirus","status":"publish","type":"post","link":"https:\/\/diarioregionaldigital.com.br\/?p=160910","title":{"rendered":"Minas Gerais chega a quase 700 casos confirmados de Coronav\u00edrus"},"content":{"rendered":"<p>O\u00a0<a href=\"https:\/\/www.saude.mg.gov.br\/images\/noticias_e_eventos\/000_2020\/mar_abr_maio\/Boletim_Epidemiologico_COVID-19_25.05.2020.pdf\">boletim epidemiol\u00f3gico<\/a>\u00a0divulgado nesta segunda-feira (25) pela Secretaria de Estado da Sa\u00fade de Minas Gerais (SES-MG), confirma que o estado chega a marca de 6.962 casos confirmadas de Coronav\u00edrus. Al\u00e9m disso, foram confirmados \u00f3bitos em: A\u00e7ucena (idosa de 60 anos), Camanducaia (idoso de 84 anos) e Mariana (homem de 53 e idosa de 75 anos), totalizando 230 mortes. Conforme o levantamento, 3.467 pacientes est\u00e3o recuperados da doen\u00e7a, representando 49,79% dos casos.<\/p>\n<p>Al\u00e9m disso, foram feitos 20.142 testes laboratoriais, sendo que 1.304 deram resultado positivo e 17.807 deram negativo para Coronav\u00edrus.<\/p>\n<p>Os\u00a0dados atualizados\u00a0referentes a \u00f3bitos confirmados em Minas Gerais podem ser conferidos no anexo abaixo.<\/p>\n<p><a href=\"https:\/\/diarioregionaldigital.com.br\/wp-content\/uploads\/2020\/05\/OBITOS_CONF_COVID-19_MG_25.05.2020.xls\">OBITOS_CONF_COVID-19_MG_25.05.2020<\/a><\/p>\n","protected":false},"excerpt":{"rendered":"<p>O\u00a0boletim epidemiol\u00f3gico\u00a0divulgado nesta segunda-feira (25) pela Secretaria de Estado da Sa\u00fade de Minas Gerais (SES-MG), confirma que o estado chega a marca de 6.962 casos confirmadas de Coronav\u00edrus. Al\u00e9m disso, foram confirmados \u00f3bitos em: A\u00e7ucena (idosa de 60 anos), Camanducaia (idoso de 84 anos) e Mariana (homem de 53 e idosa de 75 anos), totalizando [&hellip;]<\/p>\n","protected":false},"author":96,"featured_media":159834,"comment_status":"closed","ping_status":"closed","sticky":false,"template":"","format":"standard","meta":{"footnotes":""},"categories":[436,440,252,439],"tags":[],"class_list":["post-160910","post","type-post","status-publish","format-standard","has-post-thumbnail","hentry","category-destaque-da-semana","category-destaques-do-dia","category-regiao","category-ultima-hora"],"_links":{"self":[{"href":"https:\/\/diarioregionaldigital.com.br\/index.php?rest_route=\/wp\/v2\/posts\/160910","targetHints":{"allow":["GET"]}}],"collection":[{"href":"https:\/\/diarioregionaldigital.com.br\/index.php?rest_route=\/wp\/v2\/posts"}],"about":[{"href":"https:\/\/diarioregionaldigital.com.br\/index.php?rest_route=\/wp\/v2\/types\/post"}],"author":[{"embeddable":true,"href":"https:\/\/diarioregionaldigital.com.br\/index.php?rest_route=\/wp\/v2\/users\/96"}],"replies":[{"embeddable":true,"href":"https:\/\/diarioregionaldigital.com.br\/index.php?rest_route=%2Fwp%2Fv2%2Fcomments&post=160910"}],"version-history":[{"count":0,"href":"https:\/\/diarioregionaldigital.com.br\/index.php?rest_route=\/wp\/v2\/posts\/160910\/revisions"}],"wp:featuredmedia":[{"embeddable":true,"href":"https:\/\/diarioregionaldigital.com.br\/index.php?rest_route=\/wp\/v2\/media\/159834"}],"wp:attachment":[{"href":"https:\/\/diarioregionaldigital.com.br\/index.php?rest_route=%2Fwp%2Fv2%2Fmedia&parent=160910"}],"wp:term":[{"taxonomy":"category","embeddable":true,"href":"https:\/\/diarioregionaldigital.com.br\/index.php?rest_route=%2Fwp%2Fv2%2Fcategories&post=160910"},{"taxonomy":"post_tag","embeddable":true,"href":"https:\/\/diarioregionaldigital.com.br\/index.php?rest_route=%2Fwp%2Fv2%2Ftags&post=160910"}],"curies":[{"name":"wp","href":"https:\/\/api.w.org\/{rel}","templated":true}]}}