{"id":160901,"date":"2020-05-23T18:43:49","date_gmt":"2020-05-23T21:43:49","guid":{"rendered":"https:\/\/diarioregionaldigital.com.br\/?p=160901"},"modified":"2020-05-23T18:43:49","modified_gmt":"2020-05-23T21:43:49","slug":"covid-19-desde-o-ultimo-domingo-juiz-de-fora-tem-aumento-de-126-novos-casos-confirmados","status":"publish","type":"post","link":"https:\/\/diarioregionaldigital.com.br\/?p=160901","title":{"rendered":"Covid-19: desde o \u00faltimo domingo, Juiz de Fora tem aumento de 126 novos casos confirmados"},"content":{"rendered":"<p>Desde o \u00faltimo domingo (17), Juiz de Fora teve aumento de 126 novos casos confirmados de Coronav\u00edrus e tamb\u00e9m de 531 novos casos suspeitos da doen\u00e7a, al\u00e9m de mais quatro \u00f3bitos, totalizando 27. Conforme o boletim epidemiol\u00f3gico divulgado hoje (23) pela Secretaria de Sa\u00fade (SS ) da Prefeitura de Juiz de Fora (PJF), os casos confirmados chegam a 553 e suspeitos chegam a 4026.<\/p>\n<p><strong>Balan\u00e7o do m\u00eas de maio<\/strong><\/p>\n<p>No per\u00edodo do dia 1\u00ba\u00a0 at\u00e9 o dia 9 deste m\u00eas, Juiz de Fora tinha at\u00e9 ent\u00e3o 328 casos confirmados de Coronav\u00edrus, 2883 casos suspeitos e 17 mortes at\u00e9 ent\u00e3o. No per\u00edodo entre os dias 10 a 16, os casos confirmados subiram para 427, casos suspeitos para 3495 e mortes para 25.<\/p>\n","protected":false},"excerpt":{"rendered":"<p>Desde o \u00faltimo domingo (17), Juiz de Fora teve aumento de 126 novos casos confirmados de Coronav\u00edrus e tamb\u00e9m de 531 novos casos suspeitos da doen\u00e7a, al\u00e9m de mais quatro \u00f3bitos, totalizando 27. Conforme o boletim epidemiol\u00f3gico divulgado hoje (23) pela Secretaria de Sa\u00fade (SS ) da Prefeitura de Juiz de Fora (PJF), os casos [&hellip;]<\/p>\n","protected":false},"author":96,"featured_media":160904,"comment_status":"closed","ping_status":"closed","sticky":false,"template":"","format":"standard","meta":{"footnotes":""},"categories":[253,436,440,439],"tags":[],"class_list":["post-160901","post","type-post","status-publish","format-standard","has-post-thumbnail","hentry","category-cidade","category-destaque-da-semana","category-destaques-do-dia","category-ultima-hora"],"_links":{"self":[{"href":"https:\/\/diarioregionaldigital.com.br\/index.php?rest_route=\/wp\/v2\/posts\/160901","targetHints":{"allow":["GET"]}}],"collection":[{"href":"https:\/\/diarioregionaldigital.com.br\/index.php?rest_route=\/wp\/v2\/posts"}],"about":[{"href":"https:\/\/diarioregionaldigital.com.br\/index.php?rest_route=\/wp\/v2\/types\/post"}],"author":[{"embeddable":true,"href":"https:\/\/diarioregionaldigital.com.br\/index.php?rest_route=\/wp\/v2\/users\/96"}],"replies":[{"embeddable":true,"href":"https:\/\/diarioregionaldigital.com.br\/index.php?rest_route=%2Fwp%2Fv2%2Fcomments&post=160901"}],"version-history":[{"count":0,"href":"https:\/\/diarioregionaldigital.com.br\/index.php?rest_route=\/wp\/v2\/posts\/160901\/revisions"}],"wp:featuredmedia":[{"embeddable":true,"href":"https:\/\/diarioregionaldigital.com.br\/index.php?rest_route=\/wp\/v2\/media\/160904"}],"wp:attachment":[{"href":"https:\/\/diarioregionaldigital.com.br\/index.php?rest_route=%2Fwp%2Fv2%2Fmedia&parent=160901"}],"wp:term":[{"taxonomy":"category","embeddable":true,"href":"https:\/\/diarioregionaldigital.com.br\/index.php?rest_route=%2Fwp%2Fv2%2Fcategories&post=160901"},{"taxonomy":"post_tag","embeddable":true,"href":"https:\/\/diarioregionaldigital.com.br\/index.php?rest_route=%2Fwp%2Fv2%2Ftags&post=160901"}],"curies":[{"name":"wp","href":"https:\/\/api.w.org\/{rel}","templated":true}]}}