{"id":160890,"date":"2020-05-24T06:00:10","date_gmt":"2020-05-24T09:00:10","guid":{"rendered":"https:\/\/diarioregionaldigital.com.br\/?p=160890"},"modified":"2020-05-23T00:54:20","modified_gmt":"2020-05-23T03:54:20","slug":"ta-na-mesa","status":"publish","type":"post","link":"https:\/\/diarioregionaldigital.com.br\/?p=160890","title":{"rendered":"T\u00e1 na Mesa"},"content":{"rendered":"<p style=\"text-align: center;\"><strong>Olha elas<\/strong><\/p>\n<p style=\"text-align: center;\">Fazendo sucesso a plataforma Gimi NetWork com foco na educa\u00e7\u00e3o, financeira voltada ao p\u00fablico feminino. O prop\u00f3sito \u00e9 capacitar mulheres investidoras para compreender melhor o mercado na constru\u00e7\u00e3o da sua independ\u00eancia financeira. Nesta momento de crise, a mulher precisa aprender mais doar e ajudar o pr\u00f3ximo, quando o compartilhamento de conhecimento se fortalece.<\/p>\n<p style=\"text-align: center;\"><strong>Anvisa<\/strong><\/p>\n<p style=\"text-align: center;\">Colocando os pap\u00e9is na mesa, o deputado Lafayette Andrada ser\u00e1 o relator do projeto de lei que simplifica as regras e as normas da Ag\u00eancia Nacional de Vigil\u00e2ncia Sanit\u00e1ria (anvisa) para a fabrica\u00e7\u00e3o e a comercializa\u00e7\u00e3o de ventiladores, pulmonares durante a pandemia do Covid-19.<\/p>\n<p style=\"text-align: center;\"><strong>Sem Luz na Passarela<\/strong><\/p>\n<p style=\"text-align: center;\">A pandemia causada pelo novo Coronav\u00edrus reacendeu essa semana a discuss\u00e3o sobre a relev\u00e2ncia dos desfiles de moda para as temporadas outono-inverno e ver\u00e3o. Diante das situa\u00e7\u00e3o atual a moda n\u00e3o ficou fora disso. Neste instante, que estejamos falando de cinco ou seis meses a frente. Num futuro pr\u00f3ximo talvez acontece mais apresenta\u00e7\u00f5es ao ar livre e produ\u00e7\u00f5es pensadas para o universo virtual, evitando aglomera\u00e7\u00f5es.<\/p>\n<p style=\"text-align: center;\"><strong>T\u00e1 na Mesa<\/strong><\/p>\n<p style=\"text-align: center;\">Din\u00e2mica e atuante a presidente da Abrasel Zona da Mata, Francele Galil est\u00e1 coordenando o primeiro festival 100% delivery at\u00e9 o dia 7 de junho. A rela\u00e7\u00e3o dos restaurantes participantes est\u00e1 na p\u00e1gina do Facebook.<\/p>\n<p style=\"text-align: center;\"><span style=\"font-size: 14pt;\"><strong>Para Refletir<\/strong><\/span><\/p>\n<p style=\"text-align: center;\">Um cheik \u00e1rabe ca\u00e7ava homens. Ficou chocado quando viu algu\u00e9m ca\u00e7ando borboletas.<\/p>\n<div id=\"attachment_160876\" style=\"width: 690px\" class=\"wp-caption aligncenter\"><img loading=\"lazy\" decoding=\"async\" aria-describedby=\"caption-attachment-160876\" class=\"wp-image-160876\" src=\"https:\/\/diarioregionaldigital.com.br\/wp-content\/uploads\/2020\/05\/fotoa-15-e1590204273724.jpg\" alt=\"\" width=\"680\" height=\"555\" srcset=\"https:\/\/diarioregionaldigital.com.br\/wp-content\/uploads\/2020\/05\/fotoa-15-e1590204273724.jpg 638w, https:\/\/diarioregionaldigital.com.br\/wp-content\/uploads\/2020\/05\/fotoa-15-e1590204273724-300x245.jpg 300w, https:\/\/diarioregionaldigital.com.br\/wp-content\/uploads\/2020\/05\/fotoa-15-e1590204273724-220x180.jpg 220w, https:\/\/diarioregionaldigital.com.br\/wp-content\/uploads\/2020\/05\/fotoa-15-e1590204273724-360x294.jpg 360w\" sizes=\"auto, (max-width: 680px) 100vw, 680px\" \/><p id=\"caption-attachment-160876\" class=\"wp-caption-text\">O m\u00e9dico psiquiatra Helio F\u00e1del em momento carinho com sua elegante m\u00e3e Val\u00e9ria Ara\u00fajo<\/p><\/div>\n<div id=\"attachment_160877\" style=\"width: 690px\" class=\"wp-caption aligncenter\"><img loading=\"lazy\" decoding=\"async\" aria-describedby=\"caption-attachment-160877\" class=\"wp-image-160877\" src=\"https:\/\/diarioregionaldigital.com.br\/wp-content\/uploads\/2020\/05\/fotoaa-1-e1590204397230.jpeg\" alt=\"\" width=\"680\" height=\"510\" srcset=\"https:\/\/diarioregionaldigital.com.br\/wp-content\/uploads\/2020\/05\/fotoaa-1-e1590204397230.jpeg 871w, https:\/\/diarioregionaldigital.com.br\/wp-content\/uploads\/2020\/05\/fotoaa-1-e1590204397230-300x225.jpeg 300w, https:\/\/diarioregionaldigital.com.br\/wp-content\/uploads\/2020\/05\/fotoaa-1-e1590204397230-768x576.jpeg 768w, https:\/\/diarioregionaldigital.com.br\/wp-content\/uploads\/2020\/05\/fotoaa-1-e1590204397230-360x270.jpeg 360w\" sizes=\"auto, (max-width: 680px) 100vw, 680px\" \/><p id=\"caption-attachment-160877\" class=\"wp-caption-text\">A quarentena chique de Lidiane Stambassi e Rose Meirelles<\/p><\/div>\n<div id=\"attachment_160878\" style=\"width: 690px\" class=\"wp-caption aligncenter\"><img loading=\"lazy\" decoding=\"async\" aria-describedby=\"caption-attachment-160878\" class=\"wp-image-160878\" src=\"https:\/\/diarioregionaldigital.com.br\/wp-content\/uploads\/2020\/05\/fotob-15-e1590204527745.jpg\" alt=\"\" width=\"680\" height=\"523\" srcset=\"https:\/\/diarioregionaldigital.com.br\/wp-content\/uploads\/2020\/05\/fotob-15-e1590204527745.jpg 537w, https:\/\/diarioregionaldigital.com.br\/wp-content\/uploads\/2020\/05\/fotob-15-e1590204527745-300x231.jpg 300w, https:\/\/diarioregionaldigital.com.br\/wp-content\/uploads\/2020\/05\/fotob-15-e1590204527745-360x277.jpg 360w\" sizes=\"auto, (max-width: 680px) 100vw, 680px\" \/><p id=\"caption-attachment-160878\" class=\"wp-caption-text\">A bonita Adeliane Juliane em tempo de paparicar o filho bonit\u00e3o Igor Juliane<\/p><\/div>\n<div id=\"attachment_160879\" style=\"width: 690px\" class=\"wp-caption aligncenter\"><img loading=\"lazy\" decoding=\"async\" aria-describedby=\"caption-attachment-160879\" class=\"wp-image-160879\" src=\"https:\/\/diarioregionaldigital.com.br\/wp-content\/uploads\/2020\/05\/fotoc-13-e1590204559931.jpg\" alt=\"\" width=\"680\" height=\"516\" srcset=\"https:\/\/diarioregionaldigital.com.br\/wp-content\/uploads\/2020\/05\/fotoc-13-e1590204559931.jpg 717w, https:\/\/diarioregionaldigital.com.br\/wp-content\/uploads\/2020\/05\/fotoc-13-e1590204559931-300x228.jpg 300w, https:\/\/diarioregionaldigital.com.br\/wp-content\/uploads\/2020\/05\/fotoc-13-e1590204559931-360x273.jpg 360w\" sizes=\"auto, (max-width: 680px) 100vw, 680px\" \/><p id=\"caption-attachment-160879\" class=\"wp-caption-text\">Mulheres poderosa curtindo rave antes do isolamento social: Florinha Carmo e Ros\u00e2ngela Sotrate<\/p><\/div>\n<div id=\"attachment_160880\" style=\"width: 690px\" class=\"wp-caption aligncenter\"><img loading=\"lazy\" decoding=\"async\" aria-describedby=\"caption-attachment-160880\" class=\"wp-image-160880\" src=\"https:\/\/diarioregionaldigital.com.br\/wp-content\/uploads\/2020\/05\/fotod-14-e1590204589453.jpg\" alt=\"\" width=\"680\" height=\"472\" srcset=\"https:\/\/diarioregionaldigital.com.br\/wp-content\/uploads\/2020\/05\/fotod-14-e1590204589453.jpg 960w, https:\/\/diarioregionaldigital.com.br\/wp-content\/uploads\/2020\/05\/fotod-14-e1590204589453-300x208.jpg 300w, https:\/\/diarioregionaldigital.com.br\/wp-content\/uploads\/2020\/05\/fotod-14-e1590204589453-768x534.jpg 768w, https:\/\/diarioregionaldigital.com.br\/wp-content\/uploads\/2020\/05\/fotod-14-e1590204589453-360x250.jpg 360w, https:\/\/diarioregionaldigital.com.br\/wp-content\/uploads\/2020\/05\/fotod-14-e1590204589453-100x70.jpg 100w\" sizes=\"auto, (max-width: 680px) 100vw, 680px\" \/><p id=\"caption-attachment-160880\" class=\"wp-caption-text\">Trio de campe\u00f5es unidos: O fisioterapeuta Ramon David ladeado dos irm\u00e3os: Pablo e Lucas David<\/p><\/div>\n<div id=\"attachment_160881\" style=\"width: 690px\" class=\"wp-caption aligncenter\"><img loading=\"lazy\" decoding=\"async\" aria-describedby=\"caption-attachment-160881\" class=\"wp-image-160881\" src=\"https:\/\/diarioregionaldigital.com.br\/wp-content\/uploads\/2020\/05\/fotoe-13-e1590204634942.jpg\" alt=\"\" width=\"680\" height=\"508\" srcset=\"https:\/\/diarioregionaldigital.com.br\/wp-content\/uploads\/2020\/05\/fotoe-13-e1590204634942.jpg 960w, https:\/\/diarioregionaldigital.com.br\/wp-content\/uploads\/2020\/05\/fotoe-13-e1590204634942-300x224.jpg 300w, https:\/\/diarioregionaldigital.com.br\/wp-content\/uploads\/2020\/05\/fotoe-13-e1590204634942-768x574.jpg 768w, https:\/\/diarioregionaldigital.com.br\/wp-content\/uploads\/2020\/05\/fotoe-13-e1590204634942-360x269.jpg 360w\" sizes=\"auto, (max-width: 680px) 100vw, 680px\" \/><p id=\"caption-attachment-160881\" class=\"wp-caption-text\">Em tempo amor total familiar: Waschington Reis e Cida Ramos<\/p><\/div>\n<div id=\"attachment_160882\" style=\"width: 690px\" class=\"wp-caption aligncenter\"><img loading=\"lazy\" decoding=\"async\" aria-describedby=\"caption-attachment-160882\" class=\"wp-image-160882\" src=\"https:\/\/diarioregionaldigital.com.br\/wp-content\/uploads\/2020\/05\/fotof-12-e1590204665535.jpg\" alt=\"\" width=\"680\" height=\"481\" srcset=\"https:\/\/diarioregionaldigital.com.br\/wp-content\/uploads\/2020\/05\/fotof-12-e1590204665535.jpg 1096w, https:\/\/diarioregionaldigital.com.br\/wp-content\/uploads\/2020\/05\/fotof-12-e1590204665535-300x212.jpg 300w, https:\/\/diarioregionaldigital.com.br\/wp-content\/uploads\/2020\/05\/fotof-12-e1590204665535-768x543.jpg 768w, https:\/\/diarioregionaldigital.com.br\/wp-content\/uploads\/2020\/05\/fotof-12-e1590204665535-1024x724.jpg 1024w, https:\/\/diarioregionaldigital.com.br\/wp-content\/uploads\/2020\/05\/fotof-12-e1590204665535-750x530.jpg 750w, https:\/\/diarioregionaldigital.com.br\/wp-content\/uploads\/2020\/05\/fotof-12-e1590204665535-360x255.jpg 360w, https:\/\/diarioregionaldigital.com.br\/wp-content\/uploads\/2020\/05\/fotof-12-e1590204665535-100x70.jpg 100w\" sizes=\"auto, (max-width: 680px) 100vw, 680px\" \/><p id=\"caption-attachment-160882\" class=\"wp-caption-text\">Os empres\u00e1rios M\u00e1rcio Marques e Ricardo Alex dando exemplo usando m\u00e1scaras M. Marques<\/p><\/div>\n<div id=\"attachment_160883\" style=\"width: 690px\" class=\"wp-caption aligncenter\"><img loading=\"lazy\" decoding=\"async\" aria-describedby=\"caption-attachment-160883\" class=\"wp-image-160883\" src=\"https:\/\/diarioregionaldigital.com.br\/wp-content\/uploads\/2020\/05\/fotog-11-e1590204697196.jpg\" alt=\"\" width=\"680\" height=\"488\" srcset=\"https:\/\/diarioregionaldigital.com.br\/wp-content\/uploads\/2020\/05\/fotog-11-e1590204697196.jpg 580w, https:\/\/diarioregionaldigital.com.br\/wp-content\/uploads\/2020\/05\/fotog-11-e1590204697196-300x215.jpg 300w, https:\/\/diarioregionaldigital.com.br\/wp-content\/uploads\/2020\/05\/fotog-11-e1590204697196-360x258.jpg 360w\" sizes=\"auto, (max-width: 680px) 100vw, 680px\" \/><p id=\"caption-attachment-160883\" class=\"wp-caption-text\">Lindo casal em isolamento social no Guaru\u00e1: Aline Rios e Irlan Rios<\/p><\/div>\n<div id=\"attachment_160884\" style=\"width: 690px\" class=\"wp-caption aligncenter\"><img loading=\"lazy\" decoding=\"async\" aria-describedby=\"caption-attachment-160884\" class=\"wp-image-160884\" src=\"https:\/\/diarioregionaldigital.com.br\/wp-content\/uploads\/2020\/05\/fotoh-10-e1590205381409.jpg\" alt=\"\" width=\"680\" height=\"505\" srcset=\"https:\/\/diarioregionaldigital.com.br\/wp-content\/uploads\/2020\/05\/fotoh-10-e1590205381409.jpg 959w, https:\/\/diarioregionaldigital.com.br\/wp-content\/uploads\/2020\/05\/fotoh-10-e1590205381409-300x223.jpg 300w, https:\/\/diarioregionaldigital.com.br\/wp-content\/uploads\/2020\/05\/fotoh-10-e1590205381409-768x570.jpg 768w, https:\/\/diarioregionaldigital.com.br\/wp-content\/uploads\/2020\/05\/fotoh-10-e1590205381409-360x267.jpg 360w\" sizes=\"auto, (max-width: 680px) 100vw, 680px\" \/><p id=\"caption-attachment-160884\" class=\"wp-caption-text\">O charme do querido casal Roberta Alves e Gustavo Braga<\/p><\/div>\n<p style=\"text-align: center;\"><strong>FOTOSS\u00cdNTESE<\/strong><\/p>\n<p>Durante a quarentena o arquiteta Rog\u00e9rio Mascarenhas Aguiar (Rub\u00e3o) colocou a m\u00e3o na massa e assina o projeto da nova sede da U&amp;M Minera\u00e7\u00e3o e Constru\u00e7\u00e3o em Manaus (AM).<\/p>\n<p>Isolado em S\u00e3o Paulo, o maquiador Lisandro Reis. Em Maca\u00e9 Anderson Coimbra (Din) e no Rio de Janeiro Sandra Portella. Todos com m\u00e1scaras esperando a pandemia passar.<\/p>\n<p>Dj Marquinhos Vov\u00f4 avisa: est\u00e1 fazendo lindas lives com m\u00fasicas para ouvir e dan\u00e7ar.<\/p>\n<p>Causou impacto a palestra sobre \u201cAn\u00e1lise multimodal das doen\u00e7as da retina\u201d proferida pela oftalmologista Silvana Vianello em reuni\u00e3o por videoconfer\u00eancia do Instituto Penido Burnier.<\/p>\n<p>Em tempos de pandemia, a reuni\u00e3o do Prefeito de Juiz de Fora Ant\u00f4nio Almas com o PSDB, foi feita pelo aplicativo Zoom.<\/p>\n<p>Com base em entendimento do STF, JPF mant\u00e9m veda\u00e7\u00e3o ao funcionamento das atividades de academias de muscula\u00e7\u00e3o, sal\u00e3o de beleza e barbearias seguindo restri\u00e7\u00f5es em Juiz de Fora.<\/p>\n<p>Aten\u00e7\u00e3o: a UFJF necessita de doa\u00e7\u00e3o de garrafas pet para distribui\u00e7\u00e3o de sab\u00e3o e sabonetes l\u00edquido fabricados na institui\u00e7\u00e3o. Os recipientes est\u00e3o em falta, sendo necess\u00e1rias doa\u00e7\u00f5es para que o projeto tenha continuidade.<\/p>\n<p>Em boa hora a Fiemg Regional distribuiu mais de 300 mascaras para a Associa\u00e7\u00e3o dos Hemof\u00edlicos em Juiz de Fora.<\/p>\n<p>Perguntinha b\u00e1sica: Ela surfa?<\/p>\n<p>Em s\u00edntese: \u201cTem horas em que penso que a gente carecia de repente de acordo de alguma esp\u00e9cie de encanto\u201d. (Guimar\u00e3es Rosa) Bom dia.<\/p>\n<p style=\"text-align: center;\"><img loading=\"lazy\" decoding=\"async\" class=\"aligncenter size-full wp-image-160891\" src=\"https:\/\/diarioregionaldigital.com.br\/wp-content\/uploads\/2020\/05\/anuncio98-1.jpg\" alt=\"\" width=\"3516\" height=\"1332\" srcset=\"https:\/\/diarioregionaldigital.com.br\/wp-content\/uploads\/2020\/05\/anuncio98-1.jpg 3516w, https:\/\/diarioregionaldigital.com.br\/wp-content\/uploads\/2020\/05\/anuncio98-1-300x114.jpg 300w, https:\/\/diarioregionaldigital.com.br\/wp-content\/uploads\/2020\/05\/anuncio98-1-768x291.jpg 768w, https:\/\/diarioregionaldigital.com.br\/wp-content\/uploads\/2020\/05\/anuncio98-1-1024x388.jpg 1024w, https:\/\/diarioregionaldigital.com.br\/wp-content\/uploads\/2020\/05\/anuncio98-1-360x136.jpg 360w\" sizes=\"auto, (max-width: 3516px) 100vw, 3516px\" \/><\/p>\n","protected":false},"excerpt":{"rendered":"<p>Olha elas Fazendo sucesso a plataforma Gimi NetWork com foco na educa\u00e7\u00e3o, financeira voltada ao p\u00fablico feminino. O prop\u00f3sito \u00e9 capacitar mulheres investidoras para compreender melhor o mercado na constru\u00e7\u00e3o da sua independ\u00eancia financeira. Nesta momento de crise, a mulher precisa aprender mais doar e ajudar o pr\u00f3ximo, quando o compartilhamento de conhecimento se fortalece. [&hellip;]<\/p>\n","protected":false},"author":96,"featured_media":160877,"comment_status":"closed","ping_status":"closed","sticky":false,"template":"","format":"standard","meta":{"footnotes":""},"categories":[264],"tags":[],"class_list":["post-160890","post","type-post","status-publish","format-standard","has-post-thumbnail","hentry","category-eduardo-gomes"],"_links":{"self":[{"href":"https:\/\/diarioregionaldigital.com.br\/index.php?rest_route=\/wp\/v2\/posts\/160890","targetHints":{"allow":["GET"]}}],"collection":[{"href":"https:\/\/diarioregionaldigital.com.br\/index.php?rest_route=\/wp\/v2\/posts"}],"about":[{"href":"https:\/\/diarioregionaldigital.com.br\/index.php?rest_route=\/wp\/v2\/types\/post"}],"author":[{"embeddable":true,"href":"https:\/\/diarioregionaldigital.com.br\/index.php?rest_route=\/wp\/v2\/users\/96"}],"replies":[{"embeddable":true,"href":"https:\/\/diarioregionaldigital.com.br\/index.php?rest_route=%2Fwp%2Fv2%2Fcomments&post=160890"}],"version-history":[{"count":0,"href":"https:\/\/diarioregionaldigital.com.br\/index.php?rest_route=\/wp\/v2\/posts\/160890\/revisions"}],"wp:featuredmedia":[{"embeddable":true,"href":"https:\/\/diarioregionaldigital.com.br\/index.php?rest_route=\/wp\/v2\/media\/160877"}],"wp:attachment":[{"href":"https:\/\/diarioregionaldigital.com.br\/index.php?rest_route=%2Fwp%2Fv2%2Fmedia&parent=160890"}],"wp:term":[{"taxonomy":"category","embeddable":true,"href":"https:\/\/diarioregionaldigital.com.br\/index.php?rest_route=%2Fwp%2Fv2%2Fcategories&post=160890"},{"taxonomy":"post_tag","embeddable":true,"href":"https:\/\/diarioregionaldigital.com.br\/index.php?rest_route=%2Fwp%2Fv2%2Ftags&post=160890"}],"curies":[{"name":"wp","href":"https:\/\/api.w.org\/{rel}","templated":true}]}}