{"id":160887,"date":"2020-05-22T21:27:59","date_gmt":"2020-05-23T00:27:59","guid":{"rendered":"https:\/\/diarioregionaldigital.com.br\/?p=160887"},"modified":"2020-05-22T21:27:59","modified_gmt":"2020-05-23T00:27:59","slug":"projecao-do-pico-da-covid-19-em-mg-e-adiada-para-10-de-junho","status":"publish","type":"post","link":"https:\/\/diarioregionaldigital.com.br\/?p=160887","title":{"rendered":"Proje\u00e7\u00e3o do pico da covid-19 em MG \u00e9 adiada para 10 de junho"},"content":{"rendered":"<div class=\"clear \">\n<p>A coletiva virtual sobre a situa\u00e7\u00e3o da covid-19 e as a\u00e7\u00f5es de enfrentamento \u00e0 doen\u00e7a em Minas Gerais, realizada nesta sexta-feira (22), teve participa\u00e7\u00e3o do secret\u00e1rio de Estado de\u00a0Sa\u00fade, Carlos Eduardo Amaral, e o secret\u00e1rio adjunto de\u00a0Desenvolvimento Econ\u00f4mico, Fernando Passalio.<\/p>\n<p>O secret\u00e1rio de Sa\u00fade destacou\u00a0o acr\u00e9scimo de um dia na proje\u00e7\u00e3o para o pico da epidemia de covid-19 em MG, de 9 de junho para 10 de junho. Ele\u00a0tamb\u00e9m falou sobre a possibilidade de mudan\u00e7a em alguns dos par\u00e2metros utilizados para os c\u00e1lculos dessa proje\u00e7\u00e3o. &#8220;Estamos analisando a viabilidade de separar as proje\u00e7\u00f5es de acordo com o nosso estado e n\u00e3o com base nas incid\u00eancias totais de casos no Brasil, como havia sendo feito. Agora, queremos realizar a proje\u00e7\u00e3o com base na curva epidemiol\u00f3gica e incid\u00eancias de Minas Gerais&#8221;.<\/p>\n<p>Segundo Amaral, a partir da pr\u00f3xima semana, poder\u00e1 haver novidades nesse sentido. &#8220;Como o estado apresenta uma evolu\u00e7\u00e3o da doen\u00e7a de forma mais lenta, a partir da avalia\u00e7\u00e3o com base em dados locais \u00e9 prov\u00e1vel que chegaremos a uma proje\u00e7\u00e3o de data de pico ainda mais distante\u201d, comentou.<\/p>\n<p><b>Esperan\u00e7a<\/b><\/p>\n<p>Foi anunciado que a\u00a0Funda\u00e7\u00e3o Hemominas\u00a0recebeu aprova\u00e7\u00e3o da Comiss\u00e3o Nacional de \u00c9tica em Pesquisa (Conep) para realiza\u00e7\u00e3o da pesquisa sobre plasma de pessoas que se curaram da covid-19. \u201cA partir de agora, a Hemominas far\u00e1 um recrutamento de poss\u00edveis doadores para recolhimento do plasma e aplica\u00e7\u00e3o em pacientes graves, conforme protocolo aprovado. \u00c9 mais um passo importante no enfrentamento \u00e0 covid-19 dado pela\u00a0Funda\u00e7\u00e3o Hospitalar de Minas Gerais (Fhemig), pela Hemominas e pela Universidade Federal de Minas Gerais (UFMG), respons\u00e1veis pelo desenvolvimento do estudo\u201d, analisou o secret\u00e1rio de Sa\u00fade.<\/p>\n<p>Ele citou, ainda,\u00a0a entrega de dez respiradores, feita nesta sexta-feira, para a macrorregi\u00e3o do Jequitinhonha. O objetivo \u00e9 refor\u00e7ar a UTI da Santa Casa de Caridade de Diamantina, unidade de sa\u00fade refer\u00eancia para atendimento de pacientes adultos\u00a0com covid-19 da regi\u00e3o. \u201cNosso objetivo \u00e9 ampliar a capacidade assistencial desta regi\u00e3o, trazendo mais equil\u00edbrio e melhora na assist\u00eancia \u00e0 sa\u00fade dos moradores\u201d, afirmou.<\/p>\n<p>Com rela\u00e7\u00e3o aos respiradores adquiridos pelo Governo, o secret\u00e1rio afirmou que os equipamentos ser\u00e3o entregues em junho, julho e agosto, dentro do prazo de entrega estimado.<\/p>\n<p><b>Taxa de transmiss\u00e3o<\/b><\/p>\n<p>Questionado sobre a taxa de transmiss\u00e3o da covid-19 em Minas, o secret\u00e1rio explicou que tal taxa, tamb\u00e9m conhecida como R0, \u00e9 acompanhada diariamente pela\u00a0SES-MG. \u201cAtualmente, temos o R0 de 1.24, ou seja, uma pessoa contaminada est\u00e1 transmitindo para 1.24 indiv\u00edduos. \u00c9 uma taxa que demonstra a efici\u00eancia do isolamento e das a\u00e7\u00f5es de enfrentamento \u00e0 pandemia e o ideal \u00e9 termos o R0 em volta 1.0, o que significa dizer uma pessoa transmitindo a doen\u00e7a para apenas uma outra pessoa. No in\u00edcio da pandemia, nosso R0 era 4.5, ent\u00e3o nesse momento, estamos com uma taxa muito bem controlada\u201d, avaliou.<\/p>\n<p><b>Suspeita e testagem<\/b><\/p>\n<p>O secret\u00e1rio informou ainda que a testagem em Minas Gerais segue o protocolo da SES. E refor\u00e7ou a import\u00e2ncia do cuidado de cada indiv\u00edduo que suspeite de infec\u00e7\u00e3o. &#8220;Qualquer sintoma de gripe pode ser ou n\u00e3o decorr\u00eancia da covid. Ent\u00e3o, independentemente da realiza\u00e7\u00e3o ou n\u00e3o do teste e do resultado, \u00e9 necess\u00e1rio ficar em isolamento por 14 dias.&#8221;<\/p>\n<p>E justificou: &#8220;Qualquer teste n\u00e3o tem 100% de precis\u00e3o. O PCR possui at\u00e9 70% de confiabilidade, ou seja, temos uma margem de 30% de pessoas que podem n\u00e3o estar com o v\u00edrus ou do teste ser impreciso. Por esse motivo, toda a pessoa que tiver qualquer sintoma gripal deve se isolar por duas semanas, conforme recomendado\u201d, concluiu.<\/p>\n<p><b>Minas Consciente<\/b><\/p>\n<p>O secret\u00e1rio adjunto de Desenvolvimento Econ\u00f4mico, Fernando Passalio,\u00a0discorreu sobre o Programa Minas Consciente, que na pr\u00f3xima semana completa um m\u00eas de implanta\u00e7\u00e3o. \u201cO programa est\u00e1 em franca expans\u00e3o. Hoje, h\u00e1 43 munic\u00edpios que aderiram, e o n\u00famero cresce diariamente. O Minas Consciente atinge neste momento\u00a0cerca de 1,6 milh\u00e3o habitantes em todo o estado. Nosso objetivo \u00e9 salvar vidas e para isso a a\u00e7\u00e3o funciona em plena harmonia com a Secretaria de Sa\u00fade\u201d, afirmou.<\/p>\n<\/div>\n<p><strong>Fonte:\u00a0<\/strong>Ag\u00eancia Minas<\/p>\n","protected":false},"excerpt":{"rendered":"<p>A coletiva virtual sobre a situa\u00e7\u00e3o da covid-19 e as a\u00e7\u00f5es de enfrentamento \u00e0 doen\u00e7a em Minas Gerais, realizada nesta sexta-feira (22), teve participa\u00e7\u00e3o do secret\u00e1rio de Estado de\u00a0Sa\u00fade, Carlos Eduardo Amaral, e o secret\u00e1rio adjunto de\u00a0Desenvolvimento Econ\u00f4mico, Fernando Passalio. O secret\u00e1rio de Sa\u00fade destacou\u00a0o acr\u00e9scimo de um dia na proje\u00e7\u00e3o para o pico da [&hellip;]<\/p>\n","protected":false},"author":96,"featured_media":160888,"comment_status":"closed","ping_status":"closed","sticky":false,"template":"","format":"standard","meta":{"footnotes":""},"categories":[436,252,439],"tags":[],"class_list":["post-160887","post","type-post","status-publish","format-standard","has-post-thumbnail","hentry","category-destaque-da-semana","category-regiao","category-ultima-hora"],"_links":{"self":[{"href":"https:\/\/diarioregionaldigital.com.br\/index.php?rest_route=\/wp\/v2\/posts\/160887","targetHints":{"allow":["GET"]}}],"collection":[{"href":"https:\/\/diarioregionaldigital.com.br\/index.php?rest_route=\/wp\/v2\/posts"}],"about":[{"href":"https:\/\/diarioregionaldigital.com.br\/index.php?rest_route=\/wp\/v2\/types\/post"}],"author":[{"embeddable":true,"href":"https:\/\/diarioregionaldigital.com.br\/index.php?rest_route=\/wp\/v2\/users\/96"}],"replies":[{"embeddable":true,"href":"https:\/\/diarioregionaldigital.com.br\/index.php?rest_route=%2Fwp%2Fv2%2Fcomments&post=160887"}],"version-history":[{"count":0,"href":"https:\/\/diarioregionaldigital.com.br\/index.php?rest_route=\/wp\/v2\/posts\/160887\/revisions"}],"wp:featuredmedia":[{"embeddable":true,"href":"https:\/\/diarioregionaldigital.com.br\/index.php?rest_route=\/wp\/v2\/media\/160888"}],"wp:attachment":[{"href":"https:\/\/diarioregionaldigital.com.br\/index.php?rest_route=%2Fwp%2Fv2%2Fmedia&parent=160887"}],"wp:term":[{"taxonomy":"category","embeddable":true,"href":"https:\/\/diarioregionaldigital.com.br\/index.php?rest_route=%2Fwp%2Fv2%2Fcategories&post=160887"},{"taxonomy":"post_tag","embeddable":true,"href":"https:\/\/diarioregionaldigital.com.br\/index.php?rest_route=%2Fwp%2Fv2%2Ftags&post=160887"}],"curies":[{"name":"wp","href":"https:\/\/api.w.org\/{rel}","templated":true}]}}