{"id":160873,"date":"2020-05-22T18:58:09","date_gmt":"2020-05-22T21:58:09","guid":{"rendered":"https:\/\/diarioregionaldigital.com.br\/?p=160873"},"modified":"2020-05-22T19:00:40","modified_gmt":"2020-05-22T22:00:40","slug":"idosa-de-86-anos-e-a-27a-vitima-de-coronavirus-em-juiz-de-fora","status":"publish","type":"post","link":"https:\/\/diarioregionaldigital.com.br\/?p=160873","title":{"rendered":"Idosa de 86 anos \u00e9 a 27\u00aa v\u00edtima de Coronav\u00edrus em Juiz de Fora"},"content":{"rendered":"<p>A Secretaria de Sa\u00fade (SS) da Prefeitura de Juiz de Fora (PJF), confirmou em boletim divulgado nesta sexta-feira (22), a 27\u00aa morte por Coronav\u00edrus no munic\u00edpio. A v\u00edtima \u00e9 uma idosa de 86 anos e apresentava quadro de Doen\u00e7a Cardiovascular Cr\u00f4nica (DCC), Diabetes mellitus (DM) e Doen\u00e7a Neurol\u00f3gica Cr\u00f4nica (DNC). Al\u00e9m disso, a PJF confirmou aumento para 541 casos confirmados e 3.994 s\u00e3o suspeitos.<\/p>\n","protected":false},"excerpt":{"rendered":"<p>A Secretaria de Sa\u00fade (SS) da Prefeitura de Juiz de Fora (PJF), confirmou em boletim divulgado nesta sexta-feira (22), a 27\u00aa morte por Coronav\u00edrus no munic\u00edpio. A v\u00edtima \u00e9 uma idosa de 86 anos e apresentava quadro de Doen\u00e7a Cardiovascular Cr\u00f4nica (DCC), Diabetes mellitus (DM) e Doen\u00e7a Neurol\u00f3gica Cr\u00f4nica (DNC). Al\u00e9m disso, a PJF confirmou [&hellip;]<\/p>\n","protected":false},"author":96,"featured_media":157658,"comment_status":"closed","ping_status":"closed","sticky":false,"template":"","format":"standard","meta":{"footnotes":""},"categories":[253,436,440,439],"tags":[],"class_list":["post-160873","post","type-post","status-publish","format-standard","has-post-thumbnail","hentry","category-cidade","category-destaque-da-semana","category-destaques-do-dia","category-ultima-hora"],"_links":{"self":[{"href":"https:\/\/diarioregionaldigital.com.br\/index.php?rest_route=\/wp\/v2\/posts\/160873","targetHints":{"allow":["GET"]}}],"collection":[{"href":"https:\/\/diarioregionaldigital.com.br\/index.php?rest_route=\/wp\/v2\/posts"}],"about":[{"href":"https:\/\/diarioregionaldigital.com.br\/index.php?rest_route=\/wp\/v2\/types\/post"}],"author":[{"embeddable":true,"href":"https:\/\/diarioregionaldigital.com.br\/index.php?rest_route=\/wp\/v2\/users\/96"}],"replies":[{"embeddable":true,"href":"https:\/\/diarioregionaldigital.com.br\/index.php?rest_route=%2Fwp%2Fv2%2Fcomments&post=160873"}],"version-history":[{"count":0,"href":"https:\/\/diarioregionaldigital.com.br\/index.php?rest_route=\/wp\/v2\/posts\/160873\/revisions"}],"wp:featuredmedia":[{"embeddable":true,"href":"https:\/\/diarioregionaldigital.com.br\/index.php?rest_route=\/wp\/v2\/media\/157658"}],"wp:attachment":[{"href":"https:\/\/diarioregionaldigital.com.br\/index.php?rest_route=%2Fwp%2Fv2%2Fmedia&parent=160873"}],"wp:term":[{"taxonomy":"category","embeddable":true,"href":"https:\/\/diarioregionaldigital.com.br\/index.php?rest_route=%2Fwp%2Fv2%2Fcategories&post=160873"},{"taxonomy":"post_tag","embeddable":true,"href":"https:\/\/diarioregionaldigital.com.br\/index.php?rest_route=%2Fwp%2Fv2%2Ftags&post=160873"}],"curies":[{"name":"wp","href":"https:\/\/api.w.org\/{rel}","templated":true}]}}