{"id":160867,"date":"2020-05-22T17:49:30","date_gmt":"2020-05-22T20:49:30","guid":{"rendered":"https:\/\/diarioregionaldigital.com.br\/?p=160867"},"modified":"2020-05-22T17:49:30","modified_gmt":"2020-05-22T20:49:30","slug":"apreensao-de-celular-de-bolsonaro-seria-afronta-afirma-heleno","status":"publish","type":"post","link":"https:\/\/diarioregionaldigital.com.br\/?p=160867","title":{"rendered":"Apreens\u00e3o de celular de Bolsonaro seria afronta, afirma Heleno"},"content":{"rendered":"<p>O ministro-chefe do Gabinete de Seguran\u00e7a Institucional da Presid\u00eancia (GSI), Augusto Heleno, afirmou nesta sexta-feira (22), em nota, que o pedido de apreens\u00e3o do celular do presidente Jair Bolsonaro \u00e9 &#8220;inconceb\u00edvel&#8221; e &#8220;poder\u00e1 ter consequ\u00eancias imprevis\u00edveis para a estabilidade nacional&#8221;. Ele classificou o pedido de &#8220;afronta&#8221; \u00e0 intimidade do chefe de Estado.<\/p>\n<p>&#8220;Caso se efetivasse, seria uma afronta \u00e0 autoridade m\u00e1xima do Poder Executivo e uma interfer\u00eancia inadmiss\u00edvel de outro Poder, na privacidade do presidente da Rep\u00fablica e na seguran\u00e7a institucional do pa\u00eds&#8221;, escreveu o ministro na nota, distribu\u00edda a jornalistas pelo Pal\u00e1cio do Planalto.\u00a0&#8220;O Gabinete de Seguran\u00e7a Institucional da Presid\u00eancia da Rep\u00fablica alerta as autoridades constitu\u00eddas que tal atitude \u00e9 uma evidente tentativa de comprometer a harmonia entre o poderes e poder\u00e1 ter consequ\u00eancias imprevis\u00edveis para a estabilidade nacional&#8221;, acrescentou Heleno.<\/p>\n<p>O pedido de apreens\u00e3o dos celulares do presidente Jair Bolsonaro e de seu filho Carlos Bolsonaro foi feito em not\u00edcias-crimes enviadas mais cedo pelo PDT, PSB e PV ao Supremo Tribunal Federal (STF), no inqu\u00e9rito que apura a suposta tentativa de interven\u00e7\u00e3o do presidente na Pol\u00edcia Federal. O pedido, recebido pelo ministro Celso de Mello, foi encaminhado diretamente ao procurador-geral da Rep\u00fablica, Augusto Aras, para manifesta\u00e7\u00e3o.<\/p>\n<p>&nbsp;<\/p>\n<p><strong>Fonte:\u00a0<\/strong>Ag\u00eancia Brasil<\/p>\n","protected":false},"excerpt":{"rendered":"<p>O ministro-chefe do Gabinete de Seguran\u00e7a Institucional da Presid\u00eancia (GSI), Augusto Heleno, afirmou nesta sexta-feira (22), em nota, que o pedido de apreens\u00e3o do celular do presidente Jair Bolsonaro \u00e9 &#8220;inconceb\u00edvel&#8221; e &#8220;poder\u00e1 ter consequ\u00eancias imprevis\u00edveis para a estabilidade nacional&#8221;. Ele classificou o pedido de &#8220;afronta&#8221; \u00e0 intimidade do chefe de Estado. &#8220;Caso se efetivasse, [&hellip;]<\/p>\n","protected":false},"author":96,"featured_media":160868,"comment_status":"closed","ping_status":"closed","sticky":false,"template":"","format":"standard","meta":{"footnotes":""},"categories":[436,254,439],"tags":[],"class_list":["post-160867","post","type-post","status-publish","format-standard","has-post-thumbnail","hentry","category-destaque-da-semana","category-politica","category-ultima-hora"],"_links":{"self":[{"href":"https:\/\/diarioregionaldigital.com.br\/index.php?rest_route=\/wp\/v2\/posts\/160867","targetHints":{"allow":["GET"]}}],"collection":[{"href":"https:\/\/diarioregionaldigital.com.br\/index.php?rest_route=\/wp\/v2\/posts"}],"about":[{"href":"https:\/\/diarioregionaldigital.com.br\/index.php?rest_route=\/wp\/v2\/types\/post"}],"author":[{"embeddable":true,"href":"https:\/\/diarioregionaldigital.com.br\/index.php?rest_route=\/wp\/v2\/users\/96"}],"replies":[{"embeddable":true,"href":"https:\/\/diarioregionaldigital.com.br\/index.php?rest_route=%2Fwp%2Fv2%2Fcomments&post=160867"}],"version-history":[{"count":0,"href":"https:\/\/diarioregionaldigital.com.br\/index.php?rest_route=\/wp\/v2\/posts\/160867\/revisions"}],"wp:featuredmedia":[{"embeddable":true,"href":"https:\/\/diarioregionaldigital.com.br\/index.php?rest_route=\/wp\/v2\/media\/160868"}],"wp:attachment":[{"href":"https:\/\/diarioregionaldigital.com.br\/index.php?rest_route=%2Fwp%2Fv2%2Fmedia&parent=160867"}],"wp:term":[{"taxonomy":"category","embeddable":true,"href":"https:\/\/diarioregionaldigital.com.br\/index.php?rest_route=%2Fwp%2Fv2%2Fcategories&post=160867"},{"taxonomy":"post_tag","embeddable":true,"href":"https:\/\/diarioregionaldigital.com.br\/index.php?rest_route=%2Fwp%2Fv2%2Ftags&post=160867"}],"curies":[{"name":"wp","href":"https:\/\/api.w.org\/{rel}","templated":true}]}}