{"id":160864,"date":"2020-05-22T17:39:55","date_gmt":"2020-05-22T20:39:55","guid":{"rendered":"https:\/\/diarioregionaldigital.com.br\/?p=160864"},"modified":"2020-05-22T17:39:55","modified_gmt":"2020-05-22T20:39:55","slug":"dengue-gripe-e-covid-19-as-principais-diferencas-entre-os-sintomas-das-doencas","status":"publish","type":"post","link":"https:\/\/diarioregionaldigital.com.br\/?p=160864","title":{"rendered":"Dengue, gripe e Covid-19: as principais diferen\u00e7as entre os sintomas das doen\u00e7as"},"content":{"rendered":"<p><span style=\"font-weight: 400;\">Dor de cabe\u00e7a, febre, diarreia. Desde a chegada da pandemia pela Covid-19, essas queixas causam ainda mais preocupa\u00e7\u00e3o nas pessoas. Entretanto, quem apresenta esses sintomas pode n\u00e3o estar contaminado pelo novo coronav\u00edrus; o quadro \u00e9 caracter\u00edstico, tamb\u00e9m, em casos de dengue e influenza (gripe comum). Por isso, \u00e9 importante conhecer os sintomas de cada doen\u00e7a, e intensificar ainda mais os h\u00e1bitos de preven\u00e7\u00e3o.<\/span><\/p>\n<p><span style=\"font-weight: 400;\">As semelhan\u00e7as entre o v\u00edrus influenza e o novo coronav\u00edrus incluem dor de cabe\u00e7a, tosse e epis\u00f3dios de febre. Segundo a professora Patricia Ferraz, do Departamento de Medicina do campus Governador Valadares da Universidade Federal de Juiz de Fora (UFJF-GV), os quadros s\u00e3o extremamente parecidos. \u201cA perda s\u00fabita do paladar e do olfato parece algo muito marcante na Covid-19, e tem chamado a aten\u00e7\u00e3o para um ponto que pode diferenciar. Mas, apenas do ponto de vista cl\u00ednico, n\u00e3o \u00e9 poss\u00edvel afirmar uma s\u00edndrome gripal ser coronav\u00edrus ou influenza\u201d.<\/span><\/p>\n<p><b>Dengue e Covid-19 apresentam sintomas comuns<\/b><\/p>\n<p><span style=\"font-weight: 400;\">Patricia explica que casos de dengue e Covid-19 podem apresentar sintomas semelhantes, como febre, dor no corpo, dor de cabe\u00e7a e mal estar. \u201cO grande ponto que pode ajudar a diferenciar uma doen\u00e7a da outra s\u00e3o os sintomas respirat\u00f3rios, que n\u00e3o ocorrem na dengue\u201d, tais como tosse, produ\u00e7\u00e3o de escarro, dor no peito e falta de ar.<\/span><\/p>\n<p><span style=\"font-weight: 400;\">S\u00e3o tamb\u00e9m frequentes em um quadro de dengue: diarreia, dores nas articula\u00e7\u00f5es, manchas vermelhas no corpo, dor atr\u00e1s dos olhos, fadiga e dores musculares, conhecidas como mialgia. Queixas de n\u00e1useas, v\u00f4mito, dor abdominal, letargia, irritabilidade e confus\u00e3o mental podem indicar agravamento da doen\u00e7a.<\/span><\/p>\n<p><span style=\"font-weight: 400;\">A docente Alexandra Paiva, do Departamento de Ci\u00eancias B\u00e1sicas da Vida (DCBV) alerta que tanto a dengue quanto a Covid-19 devem despertar aten\u00e7\u00e3o e cuidado. \u201cObservamos grupos de risco em comum para o agravamento das arboviroses e de Covid-19, portanto, nenhuma delas deve ser negligenciada. Ambas podem agravar e necessitar de assist\u00eancia hospitalar, promovendo, assim, um esgotamento do sistema de sa\u00fade local\u201d.<\/span><\/p>\n<p><b>Aumento recente nos casos de dengue em GV traz preocupa\u00e7\u00f5es<\/b><\/p>\n<p><span style=\"font-weight: 400;\">Segundo dados do boletim epidemiol\u00f3gico da Secretaria de Estado de Sa\u00fade de Minas Gerais, entre os meses de janeiro e fevereiro deste ano, foram notificados 270 casos da doen\u00e7a, enquanto nos meses de mar\u00e7o e abril, o \u00edndice subiu para 519. Ainda segundo o documento, nas duas primeiras semanas de maio, Governador Valadares contabilizou 126 casos prov\u00e1veis de dengue.<\/span><\/p>\n<p><span style=\"font-weight: 400;\">A oscila\u00e7\u00e3o no \u00edndice de casos pode estar relacionada ao aumento das chuvas e do calor, t\u00edpicos dessa \u00e9poca do ano, e a uma maior perman\u00eancia das pessoas em casa durante a quarentena, como explica o professor Bruno Guedes, do DCBV. \u201cN\u00e3o \u00e9 poss\u00edvel apontar um \u00fanico motivo para a situa\u00e7\u00e3o, mas alguns fatores podem influenciar. As pessoas est\u00e3o passando mais tempo em casa, dispon\u00edveis \u00e0 a\u00e7\u00e3o do mosquito. Com a popula\u00e7\u00e3o deixando de se movimentar, de circular, pode haver um aumento na transmiss\u00e3o pelo mosquito\u201d.<\/span><\/p>\n<p><span style=\"font-weight: 400;\">O docente tamb\u00e9m relaciona o aumento nos casos \u00e0 enchente que ocorreu na cidade, em janeiro deste ano. \u201cQuando tem enchente, o n\u00edvel de \u00e1gua sobe e depois escoa. Em determinados lugares, onde a enchente chega, formam-se\u00a0 focos de \u00e1gua parada, criadouros de mosquito; com mais mosquitos, consequentemente temos mais casos de dengue na cidade\u201d.<\/span><\/p>\n<p><span style=\"font-weight: 400;\">O clima da regi\u00e3o leste de Minas \u00e9 favor\u00e1vel \u00e0 prolifera\u00e7\u00e3o do Aedes aegypti, e mesmo durante o per\u00edodo de quarentena, a transmiss\u00e3o das arboviroses deve despertar aten\u00e7\u00e3o. \u201cDiante da necessidade de distanciamento social, os trabalhos relacionados ao controle vetorial da dengue foram paralisados, para garantir seguran\u00e7a aos agentes de endemias e da pr\u00f3pria popula\u00e7\u00e3o, evitando contato com indiv\u00edduos externos ao domic\u00edlio\u201d, relata a professora Alexandra Paiva. Ainda segundo a docente, \u00e9 esperado um aumento das manifesta\u00e7\u00f5es cl\u00ednicas, uma vez que as medidas de controle do vetor s\u00e3o afrouxadas. \u201cPor isso, \u00e9 muito importante que a popula\u00e7\u00e3o tenha um olhar mais atento sobre as medidas de preven\u00e7\u00e3o e controle\u201d.<\/span><\/p>\n<p><span style=\"font-weight: 400;\">O combate ao mosquito da dengue passa pela elimina\u00e7\u00e3o dos criadouros: caixas d\u2019\u00e1gua abertas, pneus, lixo acumulado, vasos de plantas, entre tantos outros. Bruno Guedes refor\u00e7a que \u201co maior cuidado deve ser com a \u00e1gua parada: \u00e9 nela que a f\u00eamea deposita seus ovos. O ovo pode ficar um ano depositado nas superf\u00edcies, parado, esperando a \u00e1gua para eclodir. Por isso, \u00e9 importante uma a\u00e7\u00e3o preventiva durante o ano inteiro, n\u00e3o apenas nas \u00e9pocas de chuva\u201d.<\/span><\/p>\n<p>&nbsp;<\/p>\n<p><strong>Fonte:\u00a0<\/strong>Assessoria<\/p>\n","protected":false},"excerpt":{"rendered":"<p>Dor de cabe\u00e7a, febre, diarreia. Desde a chegada da pandemia pela Covid-19, essas queixas causam ainda mais preocupa\u00e7\u00e3o nas pessoas. Entretanto, quem apresenta esses sintomas pode n\u00e3o estar contaminado pelo novo coronav\u00edrus; o quadro \u00e9 caracter\u00edstico, tamb\u00e9m, em casos de dengue e influenza (gripe comum). Por isso, \u00e9 importante conhecer os sintomas de cada doen\u00e7a, [&hellip;]<\/p>\n","protected":false},"author":96,"featured_media":160865,"comment_status":"closed","ping_status":"closed","sticky":false,"template":"","format":"standard","meta":{"footnotes":""},"categories":[253,436,440,439],"tags":[],"class_list":["post-160864","post","type-post","status-publish","format-standard","has-post-thumbnail","hentry","category-cidade","category-destaque-da-semana","category-destaques-do-dia","category-ultima-hora"],"_links":{"self":[{"href":"https:\/\/diarioregionaldigital.com.br\/index.php?rest_route=\/wp\/v2\/posts\/160864","targetHints":{"allow":["GET"]}}],"collection":[{"href":"https:\/\/diarioregionaldigital.com.br\/index.php?rest_route=\/wp\/v2\/posts"}],"about":[{"href":"https:\/\/diarioregionaldigital.com.br\/index.php?rest_route=\/wp\/v2\/types\/post"}],"author":[{"embeddable":true,"href":"https:\/\/diarioregionaldigital.com.br\/index.php?rest_route=\/wp\/v2\/users\/96"}],"replies":[{"embeddable":true,"href":"https:\/\/diarioregionaldigital.com.br\/index.php?rest_route=%2Fwp%2Fv2%2Fcomments&post=160864"}],"version-history":[{"count":0,"href":"https:\/\/diarioregionaldigital.com.br\/index.php?rest_route=\/wp\/v2\/posts\/160864\/revisions"}],"wp:featuredmedia":[{"embeddable":true,"href":"https:\/\/diarioregionaldigital.com.br\/index.php?rest_route=\/wp\/v2\/media\/160865"}],"wp:attachment":[{"href":"https:\/\/diarioregionaldigital.com.br\/index.php?rest_route=%2Fwp%2Fv2%2Fmedia&parent=160864"}],"wp:term":[{"taxonomy":"category","embeddable":true,"href":"https:\/\/diarioregionaldigital.com.br\/index.php?rest_route=%2Fwp%2Fv2%2Fcategories&post=160864"},{"taxonomy":"post_tag","embeddable":true,"href":"https:\/\/diarioregionaldigital.com.br\/index.php?rest_route=%2Fwp%2Fv2%2Ftags&post=160864"}],"curies":[{"name":"wp","href":"https:\/\/api.w.org\/{rel}","templated":true}]}}