{"id":160820,"date":"2020-05-22T10:59:31","date_gmt":"2020-05-22T13:59:31","guid":{"rendered":"https:\/\/diarioregionaldigital.com.br\/?p=160820"},"modified":"2020-05-22T10:59:31","modified_gmt":"2020-05-22T13:59:31","slug":"inss-paga-segunda-parcela-do-13o-a-partir-de-segunda-feira","status":"publish","type":"post","link":"https:\/\/diarioregionaldigital.com.br\/?p=160820","title":{"rendered":"INSS paga segunda parcela do 13\u00ba a partir de segunda-feira"},"content":{"rendered":"<p>O Instituto Nacional do Seguro Social (INSS) come\u00e7a, nesta segunda-feira (25), a pagar o 13\u00ba de aposentados e pensionistas. O dep\u00f3sito da segunda parte desse abono anual ser\u00e1 realizado no per\u00edodo de 25 de maio a 5 de junho, conforme a tabela de pagamento de 2020. A antecipa\u00e7\u00e3o do 13\u00ba \u00e9 uma das medidas anunciadas pelo governo federal para o enfrentamento da pandemia da covid-19.<\/p>\n<p>Para aqueles que recebem um sal\u00e1rio m\u00ednimo, o dep\u00f3sito da antecipa\u00e7\u00e3o ser\u00e1 feito entre os dias 25 de maio e 5 de junho, de acordo com o n\u00famero final do benef\u00edcio, sem levar em conta o d\u00edgito verificador. Segurados com renda mensal acima do piso nacional ter\u00e3o seus pagamentos creditados entre os dias 1\u00ba e 5 de junho.<\/p>\n<p>Segundo o Minist\u00e9rio da Economia, em todo o pa\u00eds, 35,8 milh\u00f5es de pessoas receber\u00e3o seus benef\u00edcios de maio. O INSS injetar\u00e1 na economia um total de R$ 71,5 bilh\u00f5es. Desse total de pagamento referente a maio, 30,8 milh\u00f5es de benefici\u00e1rios receber\u00e3o a segunda parcela do 13\u00ba, o equivalente a R$ 23,8 bilh\u00f5es.<\/p>\n<p>Por lei, tem direito ao 13\u00ba quem, durante o ano, recebeu benef\u00edcio previdenci\u00e1rio de aposentadoria, pens\u00e3o por morte, aux\u00edlio-doen\u00e7a, aux\u00edlio-acidente ou aux\u00edlio-reclus\u00e3o. Na hip\u00f3tese de cessa\u00e7\u00e3o programada do benef\u00edcio, prevista antes de 31 de dezembro de 2020, ser\u00e1 pago o valor proporcional do abono anual ao benefici\u00e1rio. Nesta parcela, vale lembrar, \u00e9 feito o desconto do Imposto de Renda (IR).<\/p>\n<p>Aqueles que recebem benef\u00edcios assistenciais \u2013 Benef\u00edcio de Presta\u00e7\u00e3o Continuada da Lei Org\u00e2nica da Assist\u00eancia Social (BPC\/LOAS) e Renda Mensal Vital\u00edcia (RMV) \u2013 n\u00e3o t\u00eam direito ao abono anual.<\/p>\n<p><strong>Como saber qual \u00e9 o dia do pagamento<\/strong><\/p>\n<p>Para saber o dia do pagamento, \u00e9 preciso verificar o n\u00famero do benef\u00edcio. Cada benef\u00edcio pago pelo INSS \u00e9 composto por uma numera\u00e7\u00e3o \u00fanica e segue um padr\u00e3o de 10 d\u00edgitos no seguinte formato: N\u00famero do Benef\u00edcio (NB): 999.999.999-9<\/p>\n<p>O n\u00famero a ser observado \u00e9 o pen\u00faltimo algarismo. Al\u00e9m dessa informa\u00e7\u00e3o, tamb\u00e9m \u00e9 necess\u00e1rio observar se o benef\u00edcio \u00e9 de um sal\u00e1rio m\u00ednimo ou mais.<\/p>\n<p>&nbsp;<\/p>\n<p><strong>Fonte:\u00a0<\/strong>Ag\u00eancia Brasil<\/p>\n","protected":false},"excerpt":{"rendered":"<p>O Instituto Nacional do Seguro Social (INSS) come\u00e7a, nesta segunda-feira (25), a pagar o 13\u00ba de aposentados e pensionistas. O dep\u00f3sito da segunda parte desse abono anual ser\u00e1 realizado no per\u00edodo de 25 de maio a 5 de junho, conforme a tabela de pagamento de 2020. A antecipa\u00e7\u00e3o do 13\u00ba \u00e9 uma das medidas anunciadas [&hellip;]<\/p>\n","protected":false},"author":96,"featured_media":160821,"comment_status":"closed","ping_status":"closed","sticky":false,"template":"","format":"standard","meta":{"footnotes":""},"categories":[436,261,439],"tags":[],"class_list":["post-160820","post","type-post","status-publish","format-standard","has-post-thumbnail","hentry","category-destaque-da-semana","category-economia","category-ultima-hora"],"_links":{"self":[{"href":"https:\/\/diarioregionaldigital.com.br\/index.php?rest_route=\/wp\/v2\/posts\/160820","targetHints":{"allow":["GET"]}}],"collection":[{"href":"https:\/\/diarioregionaldigital.com.br\/index.php?rest_route=\/wp\/v2\/posts"}],"about":[{"href":"https:\/\/diarioregionaldigital.com.br\/index.php?rest_route=\/wp\/v2\/types\/post"}],"author":[{"embeddable":true,"href":"https:\/\/diarioregionaldigital.com.br\/index.php?rest_route=\/wp\/v2\/users\/96"}],"replies":[{"embeddable":true,"href":"https:\/\/diarioregionaldigital.com.br\/index.php?rest_route=%2Fwp%2Fv2%2Fcomments&post=160820"}],"version-history":[{"count":0,"href":"https:\/\/diarioregionaldigital.com.br\/index.php?rest_route=\/wp\/v2\/posts\/160820\/revisions"}],"wp:featuredmedia":[{"embeddable":true,"href":"https:\/\/diarioregionaldigital.com.br\/index.php?rest_route=\/wp\/v2\/media\/160821"}],"wp:attachment":[{"href":"https:\/\/diarioregionaldigital.com.br\/index.php?rest_route=%2Fwp%2Fv2%2Fmedia&parent=160820"}],"wp:term":[{"taxonomy":"category","embeddable":true,"href":"https:\/\/diarioregionaldigital.com.br\/index.php?rest_route=%2Fwp%2Fv2%2Fcategories&post=160820"},{"taxonomy":"post_tag","embeddable":true,"href":"https:\/\/diarioregionaldigital.com.br\/index.php?rest_route=%2Fwp%2Fv2%2Ftags&post=160820"}],"curies":[{"name":"wp","href":"https:\/\/api.w.org\/{rel}","templated":true}]}}