{"id":160817,"date":"2020-05-22T10:57:35","date_gmt":"2020-05-22T13:57:35","guid":{"rendered":"https:\/\/diarioregionaldigital.com.br\/?p=160817"},"modified":"2020-05-22T10:57:35","modified_gmt":"2020-05-22T13:57:35","slug":"auxilio-emergencial-por-tres-meses-tera-impacto-de-r-1515-bilhoes","status":"publish","type":"post","link":"https:\/\/diarioregionaldigital.com.br\/?p=160817","title":{"rendered":"Aux\u00edlio emergencial por tr\u00eas meses ter\u00e1 impacto de R$ 151,5 bilh\u00f5es"},"content":{"rendered":"<p>A procura maior que o previsto pelo aux\u00edlio emergencial de R$ 600 (R$ 1,2 mil para m\u00e3es solteiras) elevou para R$ 151,5 bilh\u00f5es a previs\u00e3o de gasto com o benef\u00edcio, disse o secret\u00e1rio especial de Fazenda do Minist\u00e9rio da Economia, Waldery Rodrigues. A estimativa, no entanto, considera apenas o pagamento at\u00e9 a terceira parcela, n\u00e3o levando em conta uma poss\u00edvel prorroga\u00e7\u00e3o do aux\u00edlio.<\/p>\n<p>O montante \u00e9 54,2% maior que a proje\u00e7\u00e3o inicial de R$ 98,2 bilh\u00f5es anunciada pelo governo. Rodrigues disse que o governo poder\u00e1 pagar novas parcelas, mas o valor nesse caso seria inferior aos R$ 600.<\/p>\n<p>\u201cEstamos atentos para que o aux\u00edlio emergencial siga, mas adequado a cada momento, atendendo os vulner\u00e1veis, mas respeitando as limita\u00e7\u00f5es fiscais\u201d, disse. \u201cChegaremos a uma solu\u00e7\u00e3o intermedi\u00e1ria sobre prosseguimento do aux\u00edlio emergencial.\u201d<\/p>\n<p>O secret\u00e1rio especial n\u00e3o confirmou se o benef\u00edcio seria estendido por mais tr\u00eas meses, com parcelas de R$ 200. Rodrigues n\u00e3o mencionou valores. O secret\u00e1rio-executivo da pasta, Marcelo Guaranys, declarou que o aux\u00edlio emergencial custa mais que todas as despesas discricion\u00e1rias (n\u00e3o obrigat\u00f3rias) do Poder Executivo e que h\u00e1 limites fiscais.<\/p>\n<p><strong>Micro e pequenas empresas<\/strong><\/p>\n<p>Sobre o programa de financiamento \u00e0s micro e pequenas empresas, cuja lei foi sancionada h\u00e1 dois dias pelo presidente Jair Bolsonaro, os dois secret\u00e1rios disseram que a regulamenta\u00e7\u00e3o que permitir\u00e1 o in\u00edcio efetivo dos empr\u00e9stimos est\u00e1 para sair. \u201cO programa est\u00e1 no forno. O processo est\u00e1, na parte or\u00e7ament\u00e1ria, sendo endere\u00e7ado e devemos anunciar nos pr\u00f3ximos dias\u201d, disse Rodrigues.<\/p>\n<p>O governo pretende conceder cr\u00e9dito de R$ 15,9 bilh\u00f5es por meio do Programa Nacional de Apoio \u00e0s Microempresas e Empresas de Pequeno Porte (Pronampe). Segundo Guaranys, o governo trabalha para operacionalizar o programa. \u201cA equa\u00e7\u00e3o de fazer o cr\u00e9dito chegar \u00e0 ponta n\u00e3o \u00e9 f\u00e1cil de resolver\u201d, disse. O secret\u00e1rio-executivo acrescentou que o aporte de recursos do Tesouro ao Fundo Garantidor de Investimentos (FGI), que cobrir\u00e1 eventuais calotes das micro e pequenas empresas, sair\u00e1 em breve.<\/p>\n<p>O FGI \u00e9 considerado essencial para destravar os empr\u00e9stimos. Por causa da exig\u00eancia de que o pequeno empres\u00e1rio ofere\u00e7a garantias, como carro e im\u00f3veis, os empr\u00e9stimos para socorrer os neg\u00f3cios afetados pela pandemia n\u00e3o est\u00e3o saindo. As tr\u00eas linhas de cr\u00e9dito do Banco Nacional de Desenvolvimento Econ\u00f4mico e Social (BNDES) anunciadas no fim de mar\u00e7o para as micro e pequenas empresas emprestaram apenas R$ 6,54 bilh\u00f5es de um or\u00e7amento de R$ 53 bilh\u00f5es.<\/p>\n<p>Rodrigues e Guaranys deram uma entrevista coletiva no Pal\u00e1cio do Planalto para explicarem os impactos fiscais do pacote de ajuda aos estados e aos munic\u00edpios afetados pela pandemia de coronav\u00edrus. Segundo a pasta, a medida custar\u00e1 R$ 125,8 bilh\u00f5es \u00e0 Uni\u00e3o e elevar\u00e1 o d\u00e9ficit prim\u00e1rio do Governo Central \u2013 Tesouro Nacional, Previd\u00eancia Social e Banco Central \u2013 para R$ 344,6 bilh\u00f5es em 2020.<\/p>\n<p>&nbsp;<\/p>\n<p><strong>Fonte:<\/strong>\u00a0Ag\u00eancia Brasil<\/p>\n","protected":false},"excerpt":{"rendered":"<p>A procura maior que o previsto pelo aux\u00edlio emergencial de R$ 600 (R$ 1,2 mil para m\u00e3es solteiras) elevou para R$ 151,5 bilh\u00f5es a previs\u00e3o de gasto com o benef\u00edcio, disse o secret\u00e1rio especial de Fazenda do Minist\u00e9rio da Economia, Waldery Rodrigues. A estimativa, no entanto, considera apenas o pagamento at\u00e9 a terceira parcela, n\u00e3o [&hellip;]<\/p>\n","protected":false},"author":96,"featured_media":160818,"comment_status":"closed","ping_status":"closed","sticky":false,"template":"","format":"standard","meta":{"footnotes":""},"categories":[436,261,439],"tags":[],"class_list":["post-160817","post","type-post","status-publish","format-standard","has-post-thumbnail","hentry","category-destaque-da-semana","category-economia","category-ultima-hora"],"_links":{"self":[{"href":"https:\/\/diarioregionaldigital.com.br\/index.php?rest_route=\/wp\/v2\/posts\/160817","targetHints":{"allow":["GET"]}}],"collection":[{"href":"https:\/\/diarioregionaldigital.com.br\/index.php?rest_route=\/wp\/v2\/posts"}],"about":[{"href":"https:\/\/diarioregionaldigital.com.br\/index.php?rest_route=\/wp\/v2\/types\/post"}],"author":[{"embeddable":true,"href":"https:\/\/diarioregionaldigital.com.br\/index.php?rest_route=\/wp\/v2\/users\/96"}],"replies":[{"embeddable":true,"href":"https:\/\/diarioregionaldigital.com.br\/index.php?rest_route=%2Fwp%2Fv2%2Fcomments&post=160817"}],"version-history":[{"count":0,"href":"https:\/\/diarioregionaldigital.com.br\/index.php?rest_route=\/wp\/v2\/posts\/160817\/revisions"}],"wp:featuredmedia":[{"embeddable":true,"href":"https:\/\/diarioregionaldigital.com.br\/index.php?rest_route=\/wp\/v2\/media\/160818"}],"wp:attachment":[{"href":"https:\/\/diarioregionaldigital.com.br\/index.php?rest_route=%2Fwp%2Fv2%2Fmedia&parent=160817"}],"wp:term":[{"taxonomy":"category","embeddable":true,"href":"https:\/\/diarioregionaldigital.com.br\/index.php?rest_route=%2Fwp%2Fv2%2Fcategories&post=160817"},{"taxonomy":"post_tag","embeddable":true,"href":"https:\/\/diarioregionaldigital.com.br\/index.php?rest_route=%2Fwp%2Fv2%2Ftags&post=160817"}],"curies":[{"name":"wp","href":"https:\/\/api.w.org\/{rel}","templated":true}]}}