{"id":160809,"date":"2020-05-22T10:50:06","date_gmt":"2020-05-22T13:50:06","guid":{"rendered":"https:\/\/diarioregionaldigital.com.br\/?p=160809"},"modified":"2020-05-22T10:50:06","modified_gmt":"2020-05-22T13:50:06","slug":"covid-19-governo-repassa-parcela-de-r-340-milhoes-a-santas-casas","status":"publish","type":"post","link":"https:\/\/diarioregionaldigital.com.br\/?p=160809","title":{"rendered":"Covid-19: governo repassa parcela de R$ 340 milh\u00f5es a santas casas"},"content":{"rendered":"<p>O governo federal autorizou o repasse da primeira parcela de R$ 340 milh\u00f5es para santas casas e hospitais filantr\u00f3picos para a\u00e7\u00f5es de controle do avan\u00e7o da pandemia de covid-19. A Portaria n\u00ba 1.393\/2020, do Minist\u00e9rio da Sa\u00fade, foi publicada hoje (22) no\u00a0<em>Di\u00e1rio Oficial da Uni\u00e3o<\/em>\u00a0e traz tamb\u00e9m a lista das institui\u00e7\u00f5es beneficiadas e quanto cada uma vai receber.<\/p>\n<p>Essa primeira parcela ser\u00e1 destinada \u00e0s unidades constantes nos planos de conting\u00eancias dos estados e Distrito Federal e \u00e0quelas situadas nos munic\u00edpios brasileiros que possuem pres\u00eddios. O crit\u00e9rio de rateio para aloca\u00e7\u00e3o dos recursos teve como base o quantitativo de leitos do Sistema \u00danico de Sa\u00fade (SUS) cadastrados no Cadastro Nacional de Estabelecimentos de Sa\u00fade at\u00e9 12 de maio.<\/p>\n<p>Governadores e prefeitos tem at\u00e9 cinco dias \u00fateis, a contar do recebimento de cada parcela pelos fundos de sa\u00fade estaduais, distrital ou municipais, para efetuarem o pagamento do aux\u00edlio aos estabelecimentos de sa\u00fade.<\/p>\n<p>As santas casas e hospitais filantr\u00f3picos, que participam de forma complementar do SUS, receber\u00e3o um total de\u00a0R$ 2 bilh\u00f5es da Uni\u00e3o. O aux\u00edlio emergencial foi aprovado em abril pelo Congresso Nacional e sancionado pelo presidente Jair Bolsonaro no in\u00edcio deste m\u00eas.<\/p>\n<p>De acordo com a portaria desta sexta-feira, a segunda parcela, de R$ 1,660 bilh\u00e3o, dever\u00e1 ser transferida em at\u00e9 sete dias e ser\u00e1 distribu\u00edda com base na an\u00e1lise da evolu\u00e7\u00e3o da pandemia de covid-19 no pa\u00eds. O Minist\u00e9rio da Sa\u00fade dever\u00e1 divulgar uma nota t\u00e9cnica com os indicadores que evidenciem a situa\u00e7\u00e3o epidemiol\u00f3gica, para serem usados como crit\u00e9rio de rateio dos recursos.<\/p>\n<p>Para fins de publicidade, uma segunda portaria ser\u00e1 publica com a rela\u00e7\u00e3o das entidades beneficiadas na segunda parcela e o valor atribu\u00eddo a cada uma delas.<\/p>\n<p>Os recursos devem ser usados na aquisi\u00e7\u00e3o de equipamentos, medicamentos, suprimentos, insumos e produtos hospitalares, para o atendimento adequado \u00e0 popula\u00e7\u00e3o. Tamb\u00e9m poder\u00e3o ser feitas pequenas reformas e adapta\u00e7\u00f5es f\u00edsicas para aumento da oferta de leitos de terapia intensiva, al\u00e9m da contrata\u00e7\u00e3o de profissionais de sa\u00fade para atender a demanda adicional.<\/p>\n<p>&nbsp;<\/p>\n<p><strong>Fonte:\u00a0<\/strong>Ag\u00eancia Brasil<\/p>\n","protected":false},"excerpt":{"rendered":"<p>O governo federal autorizou o repasse da primeira parcela de R$ 340 milh\u00f5es para santas casas e hospitais filantr\u00f3picos para a\u00e7\u00f5es de controle do avan\u00e7o da pandemia de covid-19. A Portaria n\u00ba 1.393\/2020, do Minist\u00e9rio da Sa\u00fade, foi publicada hoje (22) no\u00a0Di\u00e1rio Oficial da Uni\u00e3o\u00a0e traz tamb\u00e9m a lista das institui\u00e7\u00f5es beneficiadas e quanto cada [&hellip;]<\/p>\n","protected":false},"author":96,"featured_media":158641,"comment_status":"closed","ping_status":"closed","sticky":false,"template":"","format":"standard","meta":{"footnotes":""},"categories":[302,436,439],"tags":[],"class_list":["post-160809","post","type-post","status-publish","format-standard","has-post-thumbnail","hentry","category-brasil-mundo","category-destaque-da-semana","category-ultima-hora"],"_links":{"self":[{"href":"https:\/\/diarioregionaldigital.com.br\/index.php?rest_route=\/wp\/v2\/posts\/160809","targetHints":{"allow":["GET"]}}],"collection":[{"href":"https:\/\/diarioregionaldigital.com.br\/index.php?rest_route=\/wp\/v2\/posts"}],"about":[{"href":"https:\/\/diarioregionaldigital.com.br\/index.php?rest_route=\/wp\/v2\/types\/post"}],"author":[{"embeddable":true,"href":"https:\/\/diarioregionaldigital.com.br\/index.php?rest_route=\/wp\/v2\/users\/96"}],"replies":[{"embeddable":true,"href":"https:\/\/diarioregionaldigital.com.br\/index.php?rest_route=%2Fwp%2Fv2%2Fcomments&post=160809"}],"version-history":[{"count":0,"href":"https:\/\/diarioregionaldigital.com.br\/index.php?rest_route=\/wp\/v2\/posts\/160809\/revisions"}],"wp:featuredmedia":[{"embeddable":true,"href":"https:\/\/diarioregionaldigital.com.br\/index.php?rest_route=\/wp\/v2\/media\/158641"}],"wp:attachment":[{"href":"https:\/\/diarioregionaldigital.com.br\/index.php?rest_route=%2Fwp%2Fv2%2Fmedia&parent=160809"}],"wp:term":[{"taxonomy":"category","embeddable":true,"href":"https:\/\/diarioregionaldigital.com.br\/index.php?rest_route=%2Fwp%2Fv2%2Fcategories&post=160809"},{"taxonomy":"post_tag","embeddable":true,"href":"https:\/\/diarioregionaldigital.com.br\/index.php?rest_route=%2Fwp%2Fv2%2Ftags&post=160809"}],"curies":[{"name":"wp","href":"https:\/\/api.w.org\/{rel}","templated":true}]}}